{"id":7244,"date":"2019-12-03T00:46:06","date_gmt":"2019-12-02T23:46:06","guid":{"rendered":"https:\/\/ciezaentumano.com\/?p=7244"},"modified":"2019-12-05T01:04:46","modified_gmt":"2019-12-05T00:04:46","slug":"fiestas-pregon-inmaculada-concepcion-maria-santisima","status":"publish","type":"post","link":"https:\/\/ciezaentumano.com\/en\/fiestas-pregon-inmaculada-concepcion-maria-santisima\/","title":{"rendered":"Festivities and Proclamation of the Immaculate Conception of the Blessed Virgin Mary"},"content":{"rendered":"<p>In the Parish of San Joaqu\u00edn de Cieza, the Feast of the Immaculate Conception of the Blessed Virgin Mary (Patron Saint of Spain) will be celebrated with Great Solemnity from December 5 to 7, 2019, with the Solemn Triduum beginning at 7:00 p.m. and ending with Holy Mass at 7:30 p.m.<\/p>\n<p>On December 7th, following the 7:30 p.m. Mass, the Vigil of the Immaculate Conception continues with Marian hymns.<\/p>\n<p>The final act will be the solemn proclamation in honor of the Immaculate Conception on Sunday, December 8, following the 7:30 p.m. mass, led by Don Antonio Jes\u00fas Hern\u00e1ndez Alba from Cieza.<\/p>\n<p>&nbsp;<\/p>\n<p><img loading=\"lazy\" decoding=\"async\" class=\"aligncenter size-full wp-image-7245\" src=\"https:\/\/ciezaentumano.com\/wp-content\/uploads\/2019\/12\/Cartel-preg\u00f3n-de-la-Inmaculada-Concepci\u00f3n-en-San-Joaqu\u00edn-Cieza..png\" alt=\"\" width=\"565\" height=\"775\" srcset=\"https:\/\/ciezaentumano.com\/wp-content\/uploads\/2019\/12\/Cartel-preg\u00f3n-de-la-Inmaculada-Concepci\u00f3n-en-San-Joaqu\u00edn-Cieza..png 565w, https:\/\/ciezaentumano.com\/wp-content\/uploads\/2019\/12\/Cartel-preg\u00f3n-de-la-Inmaculada-Concepci\u00f3n-en-San-Joaqu\u00edn-Cieza.-219x300.png 219w\" sizes=\"(max-width: 565px) 100vw, 565px\" \/><\/p>","protected":false},"excerpt":{"rendered":"<p>The final act will be the solemn proclamation in honor of the Immaculate Conception on Sunday, December 8, following the 7:30 p.m. mass, led by Don Antonio Jes\u00fas Hern\u00e1ndez Alba from Cieza.<\/p>","protected":false},"author":1,"featured_media":7245,"comment_status":"open","ping_status":"closed","sticky":false,"template":"","format":"standard","meta":{"_et_pb_use_builder":"","_et_pb_old_content":"","_et_gb_content_width":"","footnotes":""},"categories":[2],"tags":[],"amp_enabled":true,"_links":{"self":[{"href":"https:\/\/ciezaentumano.com\/en\/wp-json\/wp\/v2\/posts\/7244"}],"collection":[{"href":"https:\/\/ciezaentumano.com\/en\/wp-json\/wp\/v2\/posts"}],"about":[{"href":"https:\/\/ciezaentumano.com\/en\/wp-json\/wp\/v2\/types\/post"}],"author":[{"embeddable":true,"href":"https:\/\/ciezaentumano.com\/en\/wp-json\/wp\/v2\/users\/1"}],"replies":[{"embeddable":true,"href":"https:\/\/ciezaentumano.com\/en\/wp-json\/wp\/v2\/comments?post=7244"}],"version-history":[{"count":2,"href":"https:\/\/ciezaentumano.com\/en\/wp-json\/wp\/v2\/posts\/7244\/revisions"}],"predecessor-version":[{"id":7247,"href":"https:\/\/ciezaentumano.com\/en\/wp-json\/wp\/v2\/posts\/7244\/revisions\/7247"}],"wp:featuredmedia":[{"embeddable":true,"href":"https:\/\/ciezaentumano.com\/en\/wp-json\/wp\/v2\/media\/7245"}],"wp:attachment":[{"href":"https:\/\/ciezaentumano.com\/en\/wp-json\/wp\/v2\/media?parent=7244"}],"wp:term":[{"taxonomy":"category","embeddable":true,"href":"https:\/\/ciezaentumano.com\/en\/wp-json\/wp\/v2\/categories?post=7244"},{"taxonomy":"post_tag","embeddable":true,"href":"https:\/\/ciezaentumano.com\/en\/wp-json\/wp\/v2\/tags?post=7244"}],"curies":[{"name":"wp","href":"https:\/\/api.w.org\/{rel}","templated":true}]}}