{"id":7284,"date":"2019-12-11T01:02:24","date_gmt":"2019-12-11T00:02:24","guid":{"rendered":"https:\/\/ciezaentumano.com\/?p=7284"},"modified":"2019-12-11T01:02:24","modified_gmt":"2019-12-11T00:02:24","slug":"alfaqueque-ediciones-presenta-memorias-misionero-enamorado","status":"publish","type":"post","link":"https:\/\/ciezaentumano.com\/en\/alfaqueque-ediciones-presenta-memorias-misionero-enamorado\/","title":{"rendered":"Alfaqueque Ediciones presents &#039;Memoirs of a Missionary in Love&#039;"},"content":{"rendered":"<p><strong>Autobiography of a missionary who had to leave the priesthood to find a woman with whom to share his life<\/strong><\/p>\n<p>It goes on sale next Monday, December 16th. <strong><em>Memoirs of a Missionary in Love. Autobiography <\/em><\/strong>by Jos\u00e9 Antonio Fern\u00e1ndez Mart\u00ednez.<\/p>\n<p>This book bears witness to an unyielding missionary vocation, to which he dedicated a firm and incontrovertible will to faithfully support the call and respond to it with faith, firmness, loyalty, and dedication.<\/p>\n<p><em>Memoirs of a Missionary in Love<\/em> It is a book of love, hate, action, adventures in the Amazon rainforest, and\u2014so often painful and arduous\u2014inner journey, a dialectical struggle against oneself and the world. A well-researched and realistic romantic novel, as true and real as life itself, though, as was once the custom in parish newsletters censoring shows and films, without any pornography, unnecessary explicitness, or formal flaws. They weren&#039;t needed, they aren&#039;t needed. There is no sensationalism here. As a pure, clean, and direct testimony of life, Jos\u00e9 Antonio Fern\u00e1ndez Mart\u00ednez&#039;s book is already selling exceptionally well.<\/p>\n<p>The book launch will take place next <strong>Monday, December 16th, at 8:00 PM<\/strong> h in the <strong>Cajamurcia Cultural Center in Cieza<\/strong>It will involve, <strong>Fernando Fern\u00e1ndez<\/strong> (editor), <strong>Rosa Campos<\/strong> (writer), <strong>Bartholomew Marks<\/strong> (teacher) and <strong>Jos\u00e9 Antonio Fern\u00e1ndez Mart\u00ednez<\/strong> (author).<\/p>\n<p>&nbsp;<\/p>\n<p><strong><span style=\"color: #008000;\">JOS\u00c9 ANTONIO FERN\u00c1NDEZ MART\u00cdNEZ<\/span><\/strong><\/p>\n<p><strong><span style=\"color: #808080;\">Molina de Segura, 1937<\/span><\/strong><\/p>\n<p>A graduate in Classical Philology, he taught at the secondary schools of Caravaca de la Cruz and Mula. Ordained a priest in 1961, he carried out his pastoral work in Ceheg\u00edn and Archivel, the main parish of Santiago in Jumilla, the parish of San Joaqu\u00edn in Cieza, and the parish of Santiago Ap\u00f3stol in Hoya del Campo de Abar\u00e1n. He was Episcopal Vicar for the Cieza-Yecla area in the Diocese of Cartagena, Rector of the Seminary, and a teacher at the Merced School in Murcia. He served as Episcopal Vicar for Diocesan Pastoral Care in Azogues, Ca\u00f1ar Province, and also as a missionary in Guayas Province, both in the Republic of Ecuador. In Ecuador, he published a handwritten book of figured music entitled <em>Ecuador sings to the Lord<\/em>.<\/p>\n<p>In 1985 he married in Cieza, the town where he lives. In 1999, he was a monitor at the &quot;Molino de Teodoro&quot; Municipal Museum. Now retired, he has volunteered with the Red Cross and has been a commentator on several local radio stations. He has also worked as a reader at the municipal library on the program... <em>I lend you my eyes<\/em>.<\/p>\n<p>&nbsp;<\/p>\n<p><img loading=\"lazy\" decoding=\"async\" class=\"aligncenter size-large wp-image-7285\" src=\"https:\/\/ciezaentumano.com\/wp-content\/uploads\/2019\/12\/libro-misionero-con-fondo-morado-749x1024.jpg\" alt=\"\" width=\"749\" height=\"1024\" srcset=\"https:\/\/ciezaentumano.com\/wp-content\/uploads\/2019\/12\/libro-misionero-con-fondo-morado-749x1024.jpg 749w, https:\/\/ciezaentumano.com\/wp-content\/uploads\/2019\/12\/libro-misionero-con-fondo-morado-220x300.jpg 220w, https:\/\/ciezaentumano.com\/wp-content\/uploads\/2019\/12\/libro-misionero-con-fondo-morado-768x1049.jpg 768w, https:\/\/ciezaentumano.com\/wp-content\/uploads\/2019\/12\/libro-misionero-con-fondo-morado.jpg 800w\" sizes=\"(max-width: 749px) 100vw, 749px\" \/><\/p>","protected":false},"excerpt":{"rendered":"<p>Autobiograf\u00eda de un misionero que tuvo que abandonar el sacerdocio por encontrar una mujer con la que compartir su vida El pr\u00f3ximo lunes, 16 de diciembre, sale a la venta Memorias de un misionero enamorado. Autobiograf\u00eda de Jos\u00e9 Antonio Fern\u00e1ndez Mart\u00ednez. Este libro deja constancia de una vocaci\u00f3n misionera irrenunciable al servicio de la cual [&hellip;]<\/p>","protected":false},"author":1,"featured_media":7285,"comment_status":"open","ping_status":"closed","sticky":false,"template":"","format":"standard","meta":{"_et_pb_use_builder":"","_et_pb_old_content":"","_et_gb_content_width":"","footnotes":""},"categories":[2],"tags":[],"amp_enabled":true,"_links":{"self":[{"href":"https:\/\/ciezaentumano.com\/en\/wp-json\/wp\/v2\/posts\/7284"}],"collection":[{"href":"https:\/\/ciezaentumano.com\/en\/wp-json\/wp\/v2\/posts"}],"about":[{"href":"https:\/\/ciezaentumano.com\/en\/wp-json\/wp\/v2\/types\/post"}],"author":[{"embeddable":true,"href":"https:\/\/ciezaentumano.com\/en\/wp-json\/wp\/v2\/users\/1"}],"replies":[{"embeddable":true,"href":"https:\/\/ciezaentumano.com\/en\/wp-json\/wp\/v2\/comments?post=7284"}],"version-history":[{"count":1,"href":"https:\/\/ciezaentumano.com\/en\/wp-json\/wp\/v2\/posts\/7284\/revisions"}],"predecessor-version":[{"id":7286,"href":"https:\/\/ciezaentumano.com\/en\/wp-json\/wp\/v2\/posts\/7284\/revisions\/7286"}],"wp:featuredmedia":[{"embeddable":true,"href":"https:\/\/ciezaentumano.com\/en\/wp-json\/wp\/v2\/media\/7285"}],"wp:attachment":[{"href":"https:\/\/ciezaentumano.com\/en\/wp-json\/wp\/v2\/media?parent=7284"}],"wp:term":[{"taxonomy":"category","embeddable":true,"href":"https:\/\/ciezaentumano.com\/en\/wp-json\/wp\/v2\/categories?post=7284"},{"taxonomy":"post_tag","embeddable":true,"href":"https:\/\/ciezaentumano.com\/en\/wp-json\/wp\/v2\/tags?post=7284"}],"curies":[{"name":"wp","href":"https:\/\/api.w.org\/{rel}","templated":true}]}}