{"id":7290,"date":"2019-12-10T11:47:24","date_gmt":"2019-12-10T10:47:24","guid":{"rendered":"https:\/\/ciezaentumano.com\/?p=7290"},"modified":"2019-12-30T23:06:56","modified_gmt":"2019-12-30T22:06:56","slug":"aula-abierta-sobre-cambio-climatico-museo-esparto","status":"publish","type":"post","link":"https:\/\/ciezaentumano.com\/en\/aula-abierta-sobre-cambio-climatico-museo-esparto\/","title":{"rendered":"Open Classroom on Climate Change at the Esparto Museum"},"content":{"rendered":"<p>This Wednesday, December 11th, and next Wednesday, December 18th, at 6:00 PM, at the Esparto Museum in Cieza, a meeting called &#039;Open Classroom&#039; will take place where ideas and suggestions will be discussed, and where the main theme and focus will be Climate Change, something that increasingly threatens us every day, for which we should all begin to contribute our bit with small daily actions.<\/p>\n<p>Open space for anyone who wants to attend.<\/p>\n<p>&nbsp;<\/p>\n<p><img loading=\"lazy\" decoding=\"async\" class=\"aligncenter size-large wp-image-7291\" src=\"https:\/\/ciezaentumano.com\/wp-content\/uploads\/2019\/12\/aula-abierta-cambio-clim\u00e1tico-en-el-Club-Atalaya-de-Cieza.-1024x326.jpg\" alt=\"\" width=\"1024\" height=\"326\" srcset=\"https:\/\/ciezaentumano.com\/wp-content\/uploads\/2019\/12\/aula-abierta-cambio-clim\u00e1tico-en-el-Club-Atalaya-de-Cieza.-1024x326.jpg 1024w, https:\/\/ciezaentumano.com\/wp-content\/uploads\/2019\/12\/aula-abierta-cambio-clim\u00e1tico-en-el-Club-Atalaya-de-Cieza.-300x96.jpg 300w, https:\/\/ciezaentumano.com\/wp-content\/uploads\/2019\/12\/aula-abierta-cambio-clim\u00e1tico-en-el-Club-Atalaya-de-Cieza.-768x245.jpg 768w, https:\/\/ciezaentumano.com\/wp-content\/uploads\/2019\/12\/aula-abierta-cambio-clim\u00e1tico-en-el-Club-Atalaya-de-Cieza.-1080x344.jpg 1080w, https:\/\/ciezaentumano.com\/wp-content\/uploads\/2019\/12\/aula-abierta-cambio-clim\u00e1tico-en-el-Club-Atalaya-de-Cieza..jpg 1701w\" sizes=\"(max-width: 1024px) 100vw, 1024px\" \/><\/p>","protected":false},"excerpt":{"rendered":"<p>Este mi\u00e9rcoles 11 y pr\u00f3ximo mi\u00e9rcoles 18 de diciembre a las 18:00 horas y en el Museo del Esparto de Cieza se va a llevar a cabo un encuentro denominado &#8216;Aula Abierta&#8217; donde se tratar\u00e1n ideas y sugerencias, y donde el tema principal y el enfoque de la misma ser\u00e1 el Cambio Clim\u00e1tico, eso que [&hellip;]<\/p>","protected":false},"author":1,"featured_media":7291,"comment_status":"open","ping_status":"closed","sticky":false,"template":"","format":"standard","meta":{"_et_pb_use_builder":"","_et_pb_old_content":"","_et_gb_content_width":"","footnotes":""},"categories":[2],"tags":[],"amp_enabled":true,"_links":{"self":[{"href":"https:\/\/ciezaentumano.com\/en\/wp-json\/wp\/v2\/posts\/7290"}],"collection":[{"href":"https:\/\/ciezaentumano.com\/en\/wp-json\/wp\/v2\/posts"}],"about":[{"href":"https:\/\/ciezaentumano.com\/en\/wp-json\/wp\/v2\/types\/post"}],"author":[{"embeddable":true,"href":"https:\/\/ciezaentumano.com\/en\/wp-json\/wp\/v2\/users\/1"}],"replies":[{"embeddable":true,"href":"https:\/\/ciezaentumano.com\/en\/wp-json\/wp\/v2\/comments?post=7290"}],"version-history":[{"count":1,"href":"https:\/\/ciezaentumano.com\/en\/wp-json\/wp\/v2\/posts\/7290\/revisions"}],"predecessor-version":[{"id":7292,"href":"https:\/\/ciezaentumano.com\/en\/wp-json\/wp\/v2\/posts\/7290\/revisions\/7292"}],"wp:featuredmedia":[{"embeddable":true,"href":"https:\/\/ciezaentumano.com\/en\/wp-json\/wp\/v2\/media\/7291"}],"wp:attachment":[{"href":"https:\/\/ciezaentumano.com\/en\/wp-json\/wp\/v2\/media?parent=7290"}],"wp:term":[{"taxonomy":"category","embeddable":true,"href":"https:\/\/ciezaentumano.com\/en\/wp-json\/wp\/v2\/categories?post=7290"},{"taxonomy":"post_tag","embeddable":true,"href":"https:\/\/ciezaentumano.com\/en\/wp-json\/wp\/v2\/tags?post=7290"}],"curies":[{"name":"wp","href":"https:\/\/api.w.org\/{rel}","templated":true}]}}