{"id":7293,"date":"2019-11-28T12:09:07","date_gmt":"2019-11-28T11:09:07","guid":{"rendered":"https:\/\/ciezaentumano.com\/?p=7293"},"modified":"2019-12-11T14:03:28","modified_gmt":"2019-12-11T13:03:28","slug":"alcalde-visita-centro-interpretacion-canon-almadenes","status":"publish","type":"post","link":"https:\/\/ciezaentumano.com\/en\/alcalde-visita-centro-interpretacion-canon-almadenes\/","title":{"rendered":"The mayor visits the Almadenes Canyon Interpretation Center"},"content":{"rendered":"<p align=\"justify\">Since the residents of Cieza became aware of the significance of having a unique and wild space like the Almadenes Canyon within their municipality, it has sparked two reactions: the urgent need to protect it and the possibility of developing it for tourism in a responsible and sustainable way. With walls nearly one hundred meters vertical, the Segura River flows through a narrow gorge nine kilometers long. Pure nature, untouched by any signs of human life or development. If a visit to the Cueva de la Serreta (Serreta Cave) stirs the senses, contemplating the magnificence of this natural enclave from within it leaves one breathless. Words cannot adequately describe the moment of peering into the gorge. The opening of the interpretation center will help visitors understand this prodigious place sculpted by nature, water, and time.<\/p>\n<p align=\"justify\">Satisfied. That&#039;s how the mayor of Cieza, Pascual Lucas, and the councilor for Tourism, Antonio Moya, left the Almadenes Canyon Interpretation Center this Thursday after their visit with the manager of Mediampar SL, Antonio Casas, and members of the municipal council. After several weeks of operation, this morning they learned firsthand about the features and services of this facility, which aspires to become a key tool for promoting one of the most stunning natural areas in the Region of Murcia.<\/p>\n<p align=\"justify\">The councilor affirmed that the interpretation center &quot;is progressing well after overcoming a series of challenges&quot; and described the building as &quot;a valuable tool for disseminating the rich natural and cultural heritage of this natural area,&quot; which includes rock shelters and caves with cave paintings declared a UNESCO World Heritage Site. He also emphasized the &quot;very positive&quot; consequences its opening will have for nature tourism. &quot;We must all work together to promote the canyon and seize the opportunities that now present themselves.&quot;<\/p>\n<p align=\"justify\">For the Tourism Councillor, these new facilities will be a key element in the conservation of the area. In fact, the Special Protection Plan already pointed to the existence of growing, disorganized, and spontaneous tourism, which was seen as a potential threat to the conservation of the area&#039;s main assets as early as the late 1990s. &quot;Therefore, the proposed actions for conservation and socioeconomic development have included the implementation of a series of criteria aimed at organizing and regulating public use, among which was the creation of a visitor center and reception area.&quot;<\/p>\n<p align=\"justify\">With its implementation, Moya adds, &quot;the establishment of an educational program becomes a reality, one that informs visitors about the natural, archaeological, and cultural values of the protected area, instilling positive attitudes and behaviors through on-site educational experiences, as well as active and nature tourism activities compatible with the conservation of the area&#039;s values.&quot; Located on the right bank of the Segura River, downstream from the gorge, next to the hydroelectric plant, it occupies a privileged position due to the excellent views it offers.<\/p>\n<p align=\"justify\">The facility features an open visitor reception area and an interpretive zone dedicated to the Almadenes Canyon and its environmental significance. It also includes an auditorium, activity rooms, storage for sports and nature equipment, a cafeteria, administrative offices, and parking. This pioneering facility in the Region of Murcia is environmentally sustainable, as it is energy independent and fully integrated into its surroundings, making nature an integral part of the building.<\/p>\n<p align=\"justify\">\n<p align=\"justify\">Source and image: Cieza City Council.<\/p>","protected":false},"excerpt":{"rendered":"<p>Desde que los ciezanos fueron conscientes de lo que significaba tener en una parte de su t\u00e9rmino municipal un espacio \u00fanico y salvaje como el Ca\u00f1\u00f3n de Almadenes, este ha provocado dos reacciones: la necesidad urgente de protegerlo y la posibilidad de explotarlo tur\u00edsticamente de forma responsable y sostenible. Con paredes de casi cien metros [&hellip;]<\/p>","protected":false},"author":1,"featured_media":0,"comment_status":"open","ping_status":"closed","sticky":false,"template":"","format":"standard","meta":{"_et_pb_use_builder":"","_et_pb_old_content":"","_et_gb_content_width":"","footnotes":""},"categories":[18],"tags":[],"amp_enabled":true,"_links":{"self":[{"href":"https:\/\/ciezaentumano.com\/en\/wp-json\/wp\/v2\/posts\/7293"}],"collection":[{"href":"https:\/\/ciezaentumano.com\/en\/wp-json\/wp\/v2\/posts"}],"about":[{"href":"https:\/\/ciezaentumano.com\/en\/wp-json\/wp\/v2\/types\/post"}],"author":[{"embeddable":true,"href":"https:\/\/ciezaentumano.com\/en\/wp-json\/wp\/v2\/users\/1"}],"replies":[{"embeddable":true,"href":"https:\/\/ciezaentumano.com\/en\/wp-json\/wp\/v2\/comments?post=7293"}],"version-history":[{"count":2,"href":"https:\/\/ciezaentumano.com\/en\/wp-json\/wp\/v2\/posts\/7293\/revisions"}],"predecessor-version":[{"id":7295,"href":"https:\/\/ciezaentumano.com\/en\/wp-json\/wp\/v2\/posts\/7293\/revisions\/7295"}],"wp:attachment":[{"href":"https:\/\/ciezaentumano.com\/en\/wp-json\/wp\/v2\/media?parent=7293"}],"wp:term":[{"taxonomy":"category","embeddable":true,"href":"https:\/\/ciezaentumano.com\/en\/wp-json\/wp\/v2\/categories?post=7293"},{"taxonomy":"post_tag","embeddable":true,"href":"https:\/\/ciezaentumano.com\/en\/wp-json\/wp\/v2\/tags?post=7293"}],"curies":[{"name":"wp","href":"https:\/\/api.w.org\/{rel}","templated":true}]}}