{"id":7296,"date":"2019-12-11T19:35:39","date_gmt":"2019-12-11T18:35:39","guid":{"rendered":"https:\/\/ciezaentumano.com\/?p=7296"},"modified":"2019-12-11T19:35:39","modified_gmt":"2019-12-11T18:35:39","slug":"presentacion-28-revista-andelma","status":"publish","type":"post","link":"https:\/\/ciezaentumano.com\/en\/presentacion-28-revista-andelma\/","title":{"rendered":"Presentation of issue 28 of &#039;La Andelma&#039; magazine"},"content":{"rendered":"<p>On Thursday, December 12, we will be able to attend the presentation of the new magazine &#039;La Andelma&#039; from the Fray Pasqual Salmer\u00f3n Center for Historical Studies, its 28th issue. The presentation will take place at the Padre Salmer\u00f3n Municipal Library in Cieza at 8:00 p.m.<\/p>\n<p><span id=\"fbPhotoSnowliftCaption\" class=\"fbPhotosPhotoCaption\" tabindex=\"0\" aria-live=\"polite\" data-ft=\"{&quot;tn&quot;:&quot;K&quot;}\"><span class=\"hasCaption\">Francisco Javier Salmer\u00f3n Gim\u00e9nez will also speak on the topic of his article, &quot;The Inquisition in Murcia.&quot;<\/span><\/span><\/p>\n<div id=\"fbPhotoSnowliftProductMiniListHscroll\" class=\"fbCommerceProductMiniListHscroll\"><\/div>","protected":false},"excerpt":{"rendered":"<p>El jueves 12 de diciembre podremos asistir a la presentaci\u00f3n de la nueva revista de &#8216;La Andelma&#8217; del Centro de Estudios Hist\u00f3ricos Fray Pasqual Salmer\u00f3n siendo su edici\u00f3n n\u00famero 28, la misma ser\u00e1 en la Biblioteca Municipal Padre Salmer\u00f3n de Cieza, a las 20:00 horas. Se contar\u00e1 adem\u00e1s con la intervenci\u00f3n de Francisco Javier Salmer\u00f3n [&hellip;]<\/p>","protected":false},"author":1,"featured_media":7300,"comment_status":"open","ping_status":"closed","sticky":false,"template":"","format":"standard","meta":{"_et_pb_use_builder":"","_et_pb_old_content":"","_et_gb_content_width":"","footnotes":""},"categories":[2],"tags":[],"amp_enabled":true,"_links":{"self":[{"href":"https:\/\/ciezaentumano.com\/en\/wp-json\/wp\/v2\/posts\/7296"}],"collection":[{"href":"https:\/\/ciezaentumano.com\/en\/wp-json\/wp\/v2\/posts"}],"about":[{"href":"https:\/\/ciezaentumano.com\/en\/wp-json\/wp\/v2\/types\/post"}],"author":[{"embeddable":true,"href":"https:\/\/ciezaentumano.com\/en\/wp-json\/wp\/v2\/users\/1"}],"replies":[{"embeddable":true,"href":"https:\/\/ciezaentumano.com\/en\/wp-json\/wp\/v2\/comments?post=7296"}],"version-history":[{"count":1,"href":"https:\/\/ciezaentumano.com\/en\/wp-json\/wp\/v2\/posts\/7296\/revisions"}],"predecessor-version":[{"id":7301,"href":"https:\/\/ciezaentumano.com\/en\/wp-json\/wp\/v2\/posts\/7296\/revisions\/7301"}],"wp:featuredmedia":[{"embeddable":true,"href":"https:\/\/ciezaentumano.com\/en\/wp-json\/wp\/v2\/media\/7300"}],"wp:attachment":[{"href":"https:\/\/ciezaentumano.com\/en\/wp-json\/wp\/v2\/media?parent=7296"}],"wp:term":[{"taxonomy":"category","embeddable":true,"href":"https:\/\/ciezaentumano.com\/en\/wp-json\/wp\/v2\/categories?post=7296"},{"taxonomy":"post_tag","embeddable":true,"href":"https:\/\/ciezaentumano.com\/en\/wp-json\/wp\/v2\/tags?post=7296"}],"curies":[{"name":"wp","href":"https:\/\/api.w.org\/{rel}","templated":true}]}}