{"id":7297,"date":"2019-12-10T18:38:36","date_gmt":"2019-12-10T17:38:36","guid":{"rendered":"https:\/\/ciezaentumano.com\/?p=7297"},"modified":"2019-12-11T18:57:52","modified_gmt":"2019-12-11T17:57:52","slug":"presentacion-cieza-libro-inventores-patentes-region-murcia-patrimonio-industrial-tecnologico","status":"publish","type":"post","link":"https:\/\/ciezaentumano.com\/en\/presentacion-cieza-libro-inventores-patentes-region-murcia-patrimonio-industrial-tecnologico\/","title":{"rendered":"Presentation in Cieza of the book &quot;Inventors and Patents in the Region of Murcia. An Industrial and Technological Heritage&quot;"},"content":{"rendered":"<p>Wednesday, December 11th brings us wonderful news: the presentation of the book &#039;Inventors and Patents in the Region of Murcia. An Industrial and Technological Heritage&#039; will take place in Cieza at the Cajamurcia Foundation&#039;s Cultural Center, Padre Salmer\u00f3n Street 2, Cieza, at 8:00 p.m.<\/p>\n<p>Book written by Do\u00f1a Manuela Caballero Gonz\u00e1lez and Don Pascual Santos L\u00f3pez.<\/p>","protected":false},"excerpt":{"rendered":"<p>El mi\u00e9rcoles 11 de diciembre nos depara una estupenda noticia y es que se llevar\u00e1 a cabo la presentaci\u00f3n en Cieza del libro &#8216;Inventores y patentes en la Regi\u00f3n de Murcia. Un patrimonio industrial y tecnol\u00f3gico&#8217; en el Aula de Cultura de la Fundaci\u00f3n Cajamurcia, calle Padre Salmer\u00f3n 2 de Cieza, a las 20:00 horas. [&hellip;]<\/p>","protected":false},"author":1,"featured_media":7298,"comment_status":"open","ping_status":"closed","sticky":false,"template":"","format":"standard","meta":{"_et_pb_use_builder":"","_et_pb_old_content":"","_et_gb_content_width":"","footnotes":""},"categories":[2],"tags":[],"amp_enabled":true,"_links":{"self":[{"href":"https:\/\/ciezaentumano.com\/en\/wp-json\/wp\/v2\/posts\/7297"}],"collection":[{"href":"https:\/\/ciezaentumano.com\/en\/wp-json\/wp\/v2\/posts"}],"about":[{"href":"https:\/\/ciezaentumano.com\/en\/wp-json\/wp\/v2\/types\/post"}],"author":[{"embeddable":true,"href":"https:\/\/ciezaentumano.com\/en\/wp-json\/wp\/v2\/users\/1"}],"replies":[{"embeddable":true,"href":"https:\/\/ciezaentumano.com\/en\/wp-json\/wp\/v2\/comments?post=7297"}],"version-history":[{"count":1,"href":"https:\/\/ciezaentumano.com\/en\/wp-json\/wp\/v2\/posts\/7297\/revisions"}],"predecessor-version":[{"id":7299,"href":"https:\/\/ciezaentumano.com\/en\/wp-json\/wp\/v2\/posts\/7297\/revisions\/7299"}],"wp:featuredmedia":[{"embeddable":true,"href":"https:\/\/ciezaentumano.com\/en\/wp-json\/wp\/v2\/media\/7298"}],"wp:attachment":[{"href":"https:\/\/ciezaentumano.com\/en\/wp-json\/wp\/v2\/media?parent=7297"}],"wp:term":[{"taxonomy":"category","embeddable":true,"href":"https:\/\/ciezaentumano.com\/en\/wp-json\/wp\/v2\/categories?post=7297"},{"taxonomy":"post_tag","embeddable":true,"href":"https:\/\/ciezaentumano.com\/en\/wp-json\/wp\/v2\/tags?post=7297"}],"curies":[{"name":"wp","href":"https:\/\/api.w.org\/{rel}","templated":true}]}}