{"id":7317,"date":"2019-12-13T12:35:14","date_gmt":"2019-12-13T11:35:14","guid":{"rendered":"https:\/\/ciezaentumano.com\/?p=7317"},"modified":"2020-01-07T21:33:17","modified_gmt":"2020-01-07T20:33:17","slug":"inauguracion-bendicion-tradicional-belen-dormis","status":"publish","type":"post","link":"https:\/\/ciezaentumano.com\/en\/inauguracion-bendicion-tradicional-belen-dormis\/","title":{"rendered":"Inauguration and Blessing of the traditional Dormis Nativity Scene"},"content":{"rendered":"<p>These dates are very special for everyone, we get to enjoy the traditional, and as it could not be otherwise, we will be able to enjoy the Inauguration and Blessing of the traditional Nativity Scene of the Brotherhood of the Prayer of the Garden and the Holy Sepulchre &quot;Los Dormis&quot; will be this Saturday, December 14 at 8:30 p.m. in the Chapel of the School of the Shepherdesses.<\/p>\n<p>This year, as a new feature, we will be collecting children&#039;s clothing while the Nativity scene is open. You can drop off your clothing at the Nativity scene itself; after Christmas, the clothing will be distributed to needy families in our town through the &quot;Together We Do More&quot; clothing collection.<\/p>\n<p><span style=\"color: #0000ff;\"><strong>SCHEDULE:<\/strong><\/span><\/p>\n<p><strong>The mornings of the first week, until December 21, will be reserved for pre-arranged visits by groups and schools. Those interested should contact the organizers at 616782340 and 680450148 or by email at losdormis@gmail.com. During the Christmas period, until January 6, 2019, the opening hours will be from 11:00 a.m. to 1:30 p.m. and from 5:00 p.m. to 8:30 p.m.<\/strong><\/p>","protected":false},"excerpt":{"rendered":"<p>Estas fechas son muy entra\u00f1ables para todos, nos llega lo tradicional, y como no pod\u00eda ser de otra forma podremos disfrutar de la Inauguraci\u00f3n y Bendici\u00f3n del tradicional Bel\u00e9n de la Cofrad\u00eda de la Oraci\u00f3n del Huerto y el Santo Sepulcro \u00abLos Dormis\u00bb ser\u00e1 este s\u00e1bado 14 diciembre a las 20:30 horas en la Capilla [&hellip;]<\/p>","protected":false},"author":1,"featured_media":7318,"comment_status":"open","ping_status":"closed","sticky":false,"template":"","format":"standard","meta":{"_et_pb_use_builder":"","_et_pb_old_content":"","_et_gb_content_width":"","footnotes":""},"categories":[2],"tags":[],"amp_enabled":true,"_links":{"self":[{"href":"https:\/\/ciezaentumano.com\/en\/wp-json\/wp\/v2\/posts\/7317"}],"collection":[{"href":"https:\/\/ciezaentumano.com\/en\/wp-json\/wp\/v2\/posts"}],"about":[{"href":"https:\/\/ciezaentumano.com\/en\/wp-json\/wp\/v2\/types\/post"}],"author":[{"embeddable":true,"href":"https:\/\/ciezaentumano.com\/en\/wp-json\/wp\/v2\/users\/1"}],"replies":[{"embeddable":true,"href":"https:\/\/ciezaentumano.com\/en\/wp-json\/wp\/v2\/comments?post=7317"}],"version-history":[{"count":2,"href":"https:\/\/ciezaentumano.com\/en\/wp-json\/wp\/v2\/posts\/7317\/revisions"}],"predecessor-version":[{"id":7320,"href":"https:\/\/ciezaentumano.com\/en\/wp-json\/wp\/v2\/posts\/7317\/revisions\/7320"}],"wp:featuredmedia":[{"embeddable":true,"href":"https:\/\/ciezaentumano.com\/en\/wp-json\/wp\/v2\/media\/7318"}],"wp:attachment":[{"href":"https:\/\/ciezaentumano.com\/en\/wp-json\/wp\/v2\/media?parent=7317"}],"wp:term":[{"taxonomy":"category","embeddable":true,"href":"https:\/\/ciezaentumano.com\/en\/wp-json\/wp\/v2\/categories?post=7317"},{"taxonomy":"post_tag","embeddable":true,"href":"https:\/\/ciezaentumano.com\/en\/wp-json\/wp\/v2\/tags?post=7317"}],"curies":[{"name":"wp","href":"https:\/\/api.w.org\/{rel}","templated":true}]}}