{"id":7409,"date":"2019-12-28T12:51:36","date_gmt":"2019-12-28T11:51:36","guid":{"rendered":"https:\/\/ciezaentumano.com\/?p=7409"},"modified":"2019-12-30T12:54:53","modified_gmt":"2019-12-30T11:54:53","slug":"charla-feminismo-antiespecista-lunes-club-atalaya","status":"publish","type":"post","link":"https:\/\/ciezaentumano.com\/en\/charla-feminismo-antiespecista-lunes-club-atalaya\/","title":{"rendered":"Talk on anti-speciesist feminism this Monday at the Atalaya Club"},"content":{"rendered":"<p>Next Monday, December 30th at 6:30 pm at the Atalaya-Ateneo Club in the Villa de Cieza, Patricia Pi\u00f1era will give a talk on anti-speciesist feminism (a political position that seeks to eliminate oppression based on species). In this society where violence, at all levels, is so normalized, it is important to create spaces of resistance, of reflection in the face of the cruelty of these acts. <span class=\"text_exposed_show\">parties and daily life, spaces for questioning the privileges we don&#039;t want to see, spaces for learning and deconstruction.<\/p>\n<p>It doesn&#039;t matter if you are vegan, vegetarian or still eat animals, as long as you come with an open mind, with the intention of creating a safe space for all attendees.<br \/>\n(including myself), with the intention of checking you out, being aware of how much this hurts sometimes.<\/p>\n<p>At the talk, there will be a charity fundraiser for the Alma Libertaria Sanctuary for anyone who wishes to participate freely.<\/p>\n<p><\/span><\/p>\n<p>&nbsp;<\/p>\n<p><img loading=\"lazy\" decoding=\"async\" class=\"aligncenter size-full wp-image-7410\" src=\"https:\/\/ciezaentumano.com\/wp-content\/uploads\/2019\/12\/charla-en-el-club-atalaya-de-cieza.jpg\" alt=\"\" width=\"683\" height=\"960\" srcset=\"https:\/\/ciezaentumano.com\/wp-content\/uploads\/2019\/12\/charla-en-el-club-atalaya-de-cieza.jpg 683w, https:\/\/ciezaentumano.com\/wp-content\/uploads\/2019\/12\/charla-en-el-club-atalaya-de-cieza-213x300.jpg 213w\" sizes=\"(max-width: 683px) 100vw, 683px\" \/><\/p>","protected":false},"excerpt":{"rendered":"<p>El pr\u00f3ximo lunes 30 de diciembre a las 18:30 horas en el Club Atalaya-Ateneo de la Villa de Cieza, Patricia Pi\u00f1era dar\u00e1 una charla sobre feminismo antiespecista (posicionamiento pol\u00edtico que busca eliminar la opresi\u00f3n por motivos de especie). En esta sociedad donde la violencia, a todos los niveles, est\u00e1 tan normalizada es importante crear espacios [&hellip;]<\/p>","protected":false},"author":1,"featured_media":7410,"comment_status":"open","ping_status":"closed","sticky":false,"template":"","format":"standard","meta":{"_et_pb_use_builder":"","_et_pb_old_content":"","_et_gb_content_width":"","footnotes":""},"categories":[2],"tags":[],"amp_enabled":true,"_links":{"self":[{"href":"https:\/\/ciezaentumano.com\/en\/wp-json\/wp\/v2\/posts\/7409"}],"collection":[{"href":"https:\/\/ciezaentumano.com\/en\/wp-json\/wp\/v2\/posts"}],"about":[{"href":"https:\/\/ciezaentumano.com\/en\/wp-json\/wp\/v2\/types\/post"}],"author":[{"embeddable":true,"href":"https:\/\/ciezaentumano.com\/en\/wp-json\/wp\/v2\/users\/1"}],"replies":[{"embeddable":true,"href":"https:\/\/ciezaentumano.com\/en\/wp-json\/wp\/v2\/comments?post=7409"}],"version-history":[{"count":1,"href":"https:\/\/ciezaentumano.com\/en\/wp-json\/wp\/v2\/posts\/7409\/revisions"}],"predecessor-version":[{"id":7411,"href":"https:\/\/ciezaentumano.com\/en\/wp-json\/wp\/v2\/posts\/7409\/revisions\/7411"}],"wp:featuredmedia":[{"embeddable":true,"href":"https:\/\/ciezaentumano.com\/en\/wp-json\/wp\/v2\/media\/7410"}],"wp:attachment":[{"href":"https:\/\/ciezaentumano.com\/en\/wp-json\/wp\/v2\/media?parent=7409"}],"wp:term":[{"taxonomy":"category","embeddable":true,"href":"https:\/\/ciezaentumano.com\/en\/wp-json\/wp\/v2\/categories?post=7409"},{"taxonomy":"post_tag","embeddable":true,"href":"https:\/\/ciezaentumano.com\/en\/wp-json\/wp\/v2\/tags?post=7409"}],"curies":[{"name":"wp","href":"https:\/\/api.w.org\/{rel}","templated":true}]}}