{"id":7429,"date":"2020-01-01T12:34:06","date_gmt":"2020-01-01T11:34:06","guid":{"rendered":"https:\/\/ciezaentumano.com\/?p=7429"},"modified":"2020-01-04T12:40:39","modified_gmt":"2020-01-04T11:40:39","slug":"comerciantes-asociacion-cieza-celebran-fiesta-comercio","status":"publish","type":"post","link":"https:\/\/ciezaentumano.com\/en\/comerciantes-asociacion-cieza-celebran-fiesta-comercio\/","title":{"rendered":"Merchants from the Cieza Association celebrate the &#039;Commerce Festival&#039;"},"content":{"rendered":"<p>This Saturday, January 4th, another new edition of the &#039;Commerce Festival&#039; arrives at the Plaza de Espa\u00f1a, thanks to the Association of Merchants and the Department of Commerce of the Cieza City Council.<\/p>\n<p>It will be from 12 to 21 hours, and we can enjoy children&#039;s activities and great Christmas entertainment.<\/p>\n<p>At 9 pm the grand raffle will take place in the Plaza de Espa\u00f1a, with prizes worth more than \u20ac2,000, organized by the establishments that make up the Cieza Merchants Association.<\/p>\n<p>If you participate in the draw, you must bring your ID and pay attention, because if there is no winner, a new draw will be held.<\/p>\n<p>&nbsp;<\/p>\n<p><img loading=\"lazy\" decoding=\"async\" class=\"aligncenter size-full wp-image-7376\" src=\"https:\/\/ciezaentumano.com\/wp-content\/uploads\/2019\/12\/programaci\u00f3n-navidad-2019-en-el-ayuntamiento-de-cieza.-3.jpg\" alt=\"\" width=\"701\" height=\"960\" srcset=\"https:\/\/ciezaentumano.com\/wp-content\/uploads\/2019\/12\/programaci\u00f3n-navidad-2019-en-el-ayuntamiento-de-cieza.-3.jpg 701w, https:\/\/ciezaentumano.com\/wp-content\/uploads\/2019\/12\/programaci\u00f3n-navidad-2019-en-el-ayuntamiento-de-cieza.-3-219x300.jpg 219w\" sizes=\"(max-width: 701px) 100vw, 701px\" \/><\/p>","protected":false},"excerpt":{"rendered":"<p>Este s\u00e1bado 4 de enero llega otra nueva edici\u00f3n de la \u2018Fiesta del Comercio\u2019 a la Plaza de Espa\u00f1a de la mano de la Asociaci\u00f3n de Comerciantes y la Concejal\u00eda de Comercio del Ayuntamiento de Cieza. Ser\u00e1 de 12 a 21 horas, y podremos disfrutar con actividades infantiles, y una gran animaci\u00f3n navide\u00f1a. A las [&hellip;]<\/p>","protected":false},"author":1,"featured_media":7376,"comment_status":"open","ping_status":"closed","sticky":false,"template":"","format":"standard","meta":{"_et_pb_use_builder":"","_et_pb_old_content":"","_et_gb_content_width":"","footnotes":""},"categories":[2],"tags":[],"amp_enabled":true,"_links":{"self":[{"href":"https:\/\/ciezaentumano.com\/en\/wp-json\/wp\/v2\/posts\/7429"}],"collection":[{"href":"https:\/\/ciezaentumano.com\/en\/wp-json\/wp\/v2\/posts"}],"about":[{"href":"https:\/\/ciezaentumano.com\/en\/wp-json\/wp\/v2\/types\/post"}],"author":[{"embeddable":true,"href":"https:\/\/ciezaentumano.com\/en\/wp-json\/wp\/v2\/users\/1"}],"replies":[{"embeddable":true,"href":"https:\/\/ciezaentumano.com\/en\/wp-json\/wp\/v2\/comments?post=7429"}],"version-history":[{"count":1,"href":"https:\/\/ciezaentumano.com\/en\/wp-json\/wp\/v2\/posts\/7429\/revisions"}],"predecessor-version":[{"id":7431,"href":"https:\/\/ciezaentumano.com\/en\/wp-json\/wp\/v2\/posts\/7429\/revisions\/7431"}],"wp:featuredmedia":[{"embeddable":true,"href":"https:\/\/ciezaentumano.com\/en\/wp-json\/wp\/v2\/media\/7376"}],"wp:attachment":[{"href":"https:\/\/ciezaentumano.com\/en\/wp-json\/wp\/v2\/media?parent=7429"}],"wp:term":[{"taxonomy":"category","embeddable":true,"href":"https:\/\/ciezaentumano.com\/en\/wp-json\/wp\/v2\/categories?post=7429"},{"taxonomy":"post_tag","embeddable":true,"href":"https:\/\/ciezaentumano.com\/en\/wp-json\/wp\/v2\/tags?post=7429"}],"curies":[{"name":"wp","href":"https:\/\/api.w.org\/{rel}","templated":true}]}}