{"id":7432,"date":"2020-01-03T19:26:30","date_gmt":"2020-01-03T18:26:30","guid":{"rendered":"https:\/\/ciezaentumano.com\/?p=7432"},"modified":"2020-01-04T19:33:53","modified_gmt":"2020-01-04T18:33:53","slug":"cabalgata-reyes-magos-2020-gracias-oje-cieza","status":"publish","type":"post","link":"https:\/\/ciezaentumano.com\/en\/cabalgata-reyes-magos-2020-gracias-oje-cieza\/","title":{"rendered":"Three Kings Parade 2020, thanks to OJE Cieza"},"content":{"rendered":"<p>Another year has been an incredible Christmas and as always, its program closes with the main event, the Three Kings parade organized by the OJE of Cieza, who will be with Their Majesties the Kings in a magical night for children and adults.<\/p>\n<p>Children, be attentive because the Three Wise Men from the East will arrive at the Iron Bridge of Cieza this Sunday, January 5th, at approximately 6:30 pm, where the first act of the Three Wise Men pageant will take place, and where the Mayor of Cieza will give permission for Their Majesties from the East to enter our city.<\/p>\n<h3><strong>Itinerary, ending at the Corner of the Convent.<\/strong><\/h3>\n<p>We ask that you pay close attention to the route, as it must be clear of all parked vehicles. Access via the Paseo Ribere\u00f1o, the access road to the Dam, and the Mar\u00edpinar road (Mula road) will be temporarily closed. This will be the route through which Their Majesties the Three Wise Men will arrive at the Iron Bridge in Cieza.<\/p>\n<p>The parade will travel through the streets: Puente de Hierro, Juego de Bolos, Camino de Madrid, Cadenas, Barco, C\u00e1novas del Castillo, Buitragos, San Sebasti\u00e1n, Esquina del Convento, Paseo on both sides, and for the third year the parade will end at Esquina del Convento where the final part of the Auto de los Reyes Magos will take place.<\/p>\n<p>Share so everyone knows and comes to welcome them.<\/p>\n<p>&nbsp;<\/p>\n<p><img loading=\"lazy\" decoding=\"async\" class=\"aligncenter size-full wp-image-7433\" src=\"https:\/\/ciezaentumano.com\/wp-content\/uploads\/2020\/01\/cartel-cabalgata-de-reyes-magos-por-oje-cieza..jpg\" alt=\"\" width=\"960\" height=\"640\" \/><\/p>","protected":false},"excerpt":{"rendered":"<p>Un a\u00f1o m\u00e1s ha sido una Navidad incre\u00edble y como siempre cierra su programaci\u00f3n con el gran plato fuerte, la cabalgata de Reyes Magos organizada por la OJE de Cieza, la cual estar\u00e1 junto a sus Majestades los Reyes en una noche m\u00e1gica para ni\u00f1os y mayores. Ni\u00f1os estar atentos porque los Reyes Magos venidos [&hellip;]<\/p>","protected":false},"author":1,"featured_media":3442,"comment_status":"open","ping_status":"closed","sticky":false,"template":"","format":"standard","meta":{"_et_pb_use_builder":"","_et_pb_old_content":"","_et_gb_content_width":"","footnotes":""},"categories":[2],"tags":[],"amp_enabled":true,"_links":{"self":[{"href":"https:\/\/ciezaentumano.com\/en\/wp-json\/wp\/v2\/posts\/7432"}],"collection":[{"href":"https:\/\/ciezaentumano.com\/en\/wp-json\/wp\/v2\/posts"}],"about":[{"href":"https:\/\/ciezaentumano.com\/en\/wp-json\/wp\/v2\/types\/post"}],"author":[{"embeddable":true,"href":"https:\/\/ciezaentumano.com\/en\/wp-json\/wp\/v2\/users\/1"}],"replies":[{"embeddable":true,"href":"https:\/\/ciezaentumano.com\/en\/wp-json\/wp\/v2\/comments?post=7432"}],"version-history":[{"count":1,"href":"https:\/\/ciezaentumano.com\/en\/wp-json\/wp\/v2\/posts\/7432\/revisions"}],"predecessor-version":[{"id":7434,"href":"https:\/\/ciezaentumano.com\/en\/wp-json\/wp\/v2\/posts\/7432\/revisions\/7434"}],"wp:featuredmedia":[{"embeddable":true,"href":"https:\/\/ciezaentumano.com\/en\/wp-json\/wp\/v2\/media\/3442"}],"wp:attachment":[{"href":"https:\/\/ciezaentumano.com\/en\/wp-json\/wp\/v2\/media?parent=7432"}],"wp:term":[{"taxonomy":"category","embeddable":true,"href":"https:\/\/ciezaentumano.com\/en\/wp-json\/wp\/v2\/categories?post=7432"},{"taxonomy":"post_tag","embeddable":true,"href":"https:\/\/ciezaentumano.com\/en\/wp-json\/wp\/v2\/tags?post=7432"}],"curies":[{"name":"wp","href":"https:\/\/api.w.org\/{rel}","templated":true}]}}