{"id":7472,"date":"2020-01-15T01:23:14","date_gmt":"2020-01-15T00:23:14","guid":{"rendered":"https:\/\/ciezaentumano.com\/?p=7472"},"modified":"2020-01-29T01:38:47","modified_gmt":"2020-01-29T00:38:47","slug":"concurso-fotografia-viernes-dolores-cieza-2020","status":"publish","type":"post","link":"https:\/\/ciezaentumano.com\/en\/concurso-fotografia-viernes-dolores-cieza-2020\/","title":{"rendered":"The 4th Photography Contest &quot;Fridays of Sorrows in Cieza&quot; 2020 is approaching."},"content":{"rendered":"<p><em>With the approach of February and the events prior to Lent, the Brotherhood of the Blessed Virgin of Sorrows wishes to remind everyone this month of the fourth edition of the photographic competition &quot;Good Friday in Cieza&quot;.<\/em><\/p>\n<p>The competition&#039;s first and only prize is the honor of having the photograph used as the poster for the Solemn Processional Transfer of the Blessed Virgin of Sorrows, which takes place on Good Friday in 2020, in addition to a cash prize of 150 euros; any photograph that best reflects unique and characteristic aspects that define and shape the particular identity of the parade is valid.<\/p>\n<p>Those interested in participating can submit their photographs on January 23 and 24, 2020, from 7:30 p.m. to 9:00 p.m. at the Holy Week Museum of Cieza, located at C\/C\u00e1novas del Castillo n\u00ba7, Cieza (Murcia). Photographs must adhere to the specifications outlined in the contest rules, which can be found on the Brotherhood&#039;s social media: on Twitter @Dolorosa Cieza, on Facebook \/ladolorosacieza, and on Instagram @Dolorosa_cieza.<\/p>\n<p>Likewise, the presentation of the jury&#039;s decision and the award ceremony will take place on Saturday, February 1, 2020, starting at 8:00 p.m., in the Assembly Hall of the Holy Week Museum of Cieza.<\/p>","protected":false},"excerpt":{"rendered":"<p>Con la cercan\u00eda del mes de Febrero y de los actos anteriores a la Cuaresma, la Cofrad\u00eda de la Sant\u00edsima Virgen de los Dolores quiere recordar en este mes, la presencia de la cuarta edici\u00f3n del concurso fotogr\u00e1fico \u201cViernes de Dolores en Cieza\u201d. El concurso tiene como primer y \u00fanico premio, el galard\u00f3n de ser [&hellip;]<\/p>","protected":false},"author":1,"featured_media":4395,"comment_status":"open","ping_status":"closed","sticky":false,"template":"","format":"standard","meta":{"_et_pb_use_builder":"","_et_pb_old_content":"","_et_gb_content_width":"","footnotes":""},"categories":[2],"tags":[],"amp_enabled":true,"_links":{"self":[{"href":"https:\/\/ciezaentumano.com\/en\/wp-json\/wp\/v2\/posts\/7472"}],"collection":[{"href":"https:\/\/ciezaentumano.com\/en\/wp-json\/wp\/v2\/posts"}],"about":[{"href":"https:\/\/ciezaentumano.com\/en\/wp-json\/wp\/v2\/types\/post"}],"author":[{"embeddable":true,"href":"https:\/\/ciezaentumano.com\/en\/wp-json\/wp\/v2\/users\/1"}],"replies":[{"embeddable":true,"href":"https:\/\/ciezaentumano.com\/en\/wp-json\/wp\/v2\/comments?post=7472"}],"version-history":[{"count":1,"href":"https:\/\/ciezaentumano.com\/en\/wp-json\/wp\/v2\/posts\/7472\/revisions"}],"predecessor-version":[{"id":7473,"href":"https:\/\/ciezaentumano.com\/en\/wp-json\/wp\/v2\/posts\/7472\/revisions\/7473"}],"wp:featuredmedia":[{"embeddable":true,"href":"https:\/\/ciezaentumano.com\/en\/wp-json\/wp\/v2\/media\/4395"}],"wp:attachment":[{"href":"https:\/\/ciezaentumano.com\/en\/wp-json\/wp\/v2\/media?parent=7472"}],"wp:term":[{"taxonomy":"category","embeddable":true,"href":"https:\/\/ciezaentumano.com\/en\/wp-json\/wp\/v2\/categories?post=7472"},{"taxonomy":"post_tag","embeddable":true,"href":"https:\/\/ciezaentumano.com\/en\/wp-json\/wp\/v2\/tags?post=7472"}],"curies":[{"name":"wp","href":"https:\/\/api.w.org\/{rel}","templated":true}]}}