{"id":7511,"date":"2020-01-20T19:26:34","date_gmt":"2020-01-20T18:26:34","guid":{"rendered":"https:\/\/ciezaentumano.com\/?p=7511"},"modified":"2020-01-20T19:26:34","modified_gmt":"2020-01-20T18:26:34","slug":"nueva-edicion-ciclo-aula-abierta-club-atalaya-ateneo-villa-cieza","status":"publish","type":"post","link":"https:\/\/ciezaentumano.com\/en\/nueva-edicion-ciclo-aula-abierta-club-atalaya-ateneo-villa-cieza\/","title":{"rendered":"New edition of the Open Classroom cycle at the Atalaya-Ateneo Club in Cieza"},"content":{"rendered":"<p>This Wednesday, January 22nd, we will host a new edition of the Open Classroom series at the Atalaya-Ateneo Club in Cieza, where current politics and the formation of the new government will be discussed.<\/p>\n<p><span class=\"text_exposed_show\"><span class=\"_5mfr\"><span class=\"_6qdm\">\u27a1\ufe0f<\/span><\/span>Coalition government and right-wing coup.<br \/>\n<span class=\"_5mfr\"><span class=\"_6qdm\">\u27a1\ufe0f<\/span><\/span>Interview with Professor of Constitutional Law and former Constitutional Court attorney Joaqu\u00edn Ur\u00edas.<br \/>\n<span class=\"_5mfr\"><span class=\"_6qdm\">\u27a1\ufe0f<\/span><\/span>The judges&#039; coalition: the State against them, threatening S\u00e1nchez and Iglesias.<br \/>\n<span class=\"_5mfr\"><span class=\"_6qdm\">\u27a1\ufe0f<\/span><\/span>What&#039;s happening at the General Council of the Judiciary.<\/span><\/p>\n<div class=\"text_exposed_show\">\n<p><span class=\"_5mfr\"><span class=\"_6qdm\">??\u200d\u2640\ufe0f<\/span><\/span>Can I participate?<br \/>\nAdmission is free for all those who wish to attend the Wednesday sessions.<\/p>\n<\/div>\n<p>&nbsp;<\/p>\n<p><img loading=\"lazy\" decoding=\"async\" class=\"aligncenter size-full wp-image-7512\" src=\"https:\/\/ciezaentumano.com\/wp-content\/uploads\/2020\/01\/charla-en-el-club-atalaya-de-cieza..jpg\" alt=\"\" width=\"960\" height=\"309\" srcset=\"https:\/\/ciezaentumano.com\/wp-content\/uploads\/2020\/01\/charla-en-el-club-atalaya-de-cieza..jpg 960w, https:\/\/ciezaentumano.com\/wp-content\/uploads\/2020\/01\/charla-en-el-club-atalaya-de-cieza.-300x97.jpg 300w, https:\/\/ciezaentumano.com\/wp-content\/uploads\/2020\/01\/charla-en-el-club-atalaya-de-cieza.-768x247.jpg 768w\" sizes=\"(max-width: 960px) 100vw, 960px\" \/><\/p>\n<p>&nbsp;<\/p>\n<p>Source: Atalaya Club Ateneo de la Villa.<\/p>","protected":false},"excerpt":{"rendered":"<p>Este mi\u00e9rcoles 22 de enero contaremos con una nueva edici\u00f3n del ciclo Aula Abierta en el Club Atalaya-Ateneo de la Villa de Cieza, donde se tratar\u00e1 la pol\u00edtica actual y la conformaci\u00f3n del nuevo gobierno. \u27a1\ufe0fGobierno de coalici\u00f3n y golpismo derechista. \u27a1\ufe0fEntrevista con el profesor de Derecho Constitucional y ex letrado del Tribunal Constitucional Joaqu\u00edn [&hellip;]<\/p>","protected":false},"author":1,"featured_media":7512,"comment_status":"open","ping_status":"closed","sticky":false,"template":"","format":"standard","meta":{"_et_pb_use_builder":"","_et_pb_old_content":"","_et_gb_content_width":"","footnotes":""},"categories":[2],"tags":[],"amp_enabled":true,"_links":{"self":[{"href":"https:\/\/ciezaentumano.com\/en\/wp-json\/wp\/v2\/posts\/7511"}],"collection":[{"href":"https:\/\/ciezaentumano.com\/en\/wp-json\/wp\/v2\/posts"}],"about":[{"href":"https:\/\/ciezaentumano.com\/en\/wp-json\/wp\/v2\/types\/post"}],"author":[{"embeddable":true,"href":"https:\/\/ciezaentumano.com\/en\/wp-json\/wp\/v2\/users\/1"}],"replies":[{"embeddable":true,"href":"https:\/\/ciezaentumano.com\/en\/wp-json\/wp\/v2\/comments?post=7511"}],"version-history":[{"count":1,"href":"https:\/\/ciezaentumano.com\/en\/wp-json\/wp\/v2\/posts\/7511\/revisions"}],"predecessor-version":[{"id":7513,"href":"https:\/\/ciezaentumano.com\/en\/wp-json\/wp\/v2\/posts\/7511\/revisions\/7513"}],"wp:featuredmedia":[{"embeddable":true,"href":"https:\/\/ciezaentumano.com\/en\/wp-json\/wp\/v2\/media\/7512"}],"wp:attachment":[{"href":"https:\/\/ciezaentumano.com\/en\/wp-json\/wp\/v2\/media?parent=7511"}],"wp:term":[{"taxonomy":"category","embeddable":true,"href":"https:\/\/ciezaentumano.com\/en\/wp-json\/wp\/v2\/categories?post=7511"},{"taxonomy":"post_tag","embeddable":true,"href":"https:\/\/ciezaentumano.com\/en\/wp-json\/wp\/v2\/tags?post=7511"}],"curies":[{"name":"wp","href":"https:\/\/api.w.org\/{rel}","templated":true}]}}