{"id":7544,"date":"2020-01-27T15:03:50","date_gmt":"2020-01-27T14:03:50","guid":{"rendered":"https:\/\/ciezaentumano.com\/?p=7544"},"modified":"2020-01-28T15:08:23","modified_gmt":"2020-01-28T14:08:23","slug":"semana-ciclo-aula-abierta-charla-centenario-marcos-ana-club-atalaya","status":"publish","type":"post","link":"https:\/\/ciezaentumano.com\/en\/semana-ciclo-aula-abierta-charla-centenario-marcos-ana-club-atalaya\/","title":{"rendered":"This week, in the &#039;Open Classroom&#039; series, we will have a talk about the Marcos Ana Centennial at the Atalaya Club."},"content":{"rendered":"<p>It&#039;s been 100 years since the birth of Marcos Ana, one of the prisoners who served the longest prison term for his political views during the Franco dictatorship.<\/p>\n<p>This week, as part of the &quot;Open Classroom&quot; series, we&#039;ll be hosting a talk on the Marcos Ana Centennial at the Atalaya Club on Wednesday, January 29th, at 6:00 PM.<\/p>\n<p>Marcos Ana&#039;s lifelong commitment to the emancipation of the working class was what characterized him. One hundred years after his birth, and with his memoirs as our guide, we&#039;ll review the most crucial moments of his life, bringing to light a reality that should never be forgotten.<\/p>\n<p>&nbsp;<\/p>\n<p>Source: Club Atalaya.<\/p>","protected":false},"excerpt":{"rendered":"<p>Se cumplen 100 a\u00f1os del nacimiento de Marcos Ana, uno de los presos que m\u00e1s tiempo estuvo encarcelado debido a sus ideas pol\u00edticas durante la dictadura franquista. Esta semana en el ciclo &#8216;Aula Abierta&#8217; contaremos con una charla sobre el Centenario de Marcos Ana en el Club Atalaya este mi\u00e9rcoles 29 de enero a las [&hellip;]<\/p>","protected":false},"author":1,"featured_media":7545,"comment_status":"open","ping_status":"closed","sticky":false,"template":"","format":"standard","meta":{"_et_pb_use_builder":"","_et_pb_old_content":"","_et_gb_content_width":"","footnotes":""},"categories":[2],"tags":[],"amp_enabled":true,"_links":{"self":[{"href":"https:\/\/ciezaentumano.com\/en\/wp-json\/wp\/v2\/posts\/7544"}],"collection":[{"href":"https:\/\/ciezaentumano.com\/en\/wp-json\/wp\/v2\/posts"}],"about":[{"href":"https:\/\/ciezaentumano.com\/en\/wp-json\/wp\/v2\/types\/post"}],"author":[{"embeddable":true,"href":"https:\/\/ciezaentumano.com\/en\/wp-json\/wp\/v2\/users\/1"}],"replies":[{"embeddable":true,"href":"https:\/\/ciezaentumano.com\/en\/wp-json\/wp\/v2\/comments?post=7544"}],"version-history":[{"count":1,"href":"https:\/\/ciezaentumano.com\/en\/wp-json\/wp\/v2\/posts\/7544\/revisions"}],"predecessor-version":[{"id":7546,"href":"https:\/\/ciezaentumano.com\/en\/wp-json\/wp\/v2\/posts\/7544\/revisions\/7546"}],"wp:featuredmedia":[{"embeddable":true,"href":"https:\/\/ciezaentumano.com\/en\/wp-json\/wp\/v2\/media\/7545"}],"wp:attachment":[{"href":"https:\/\/ciezaentumano.com\/en\/wp-json\/wp\/v2\/media?parent=7544"}],"wp:term":[{"taxonomy":"category","embeddable":true,"href":"https:\/\/ciezaentumano.com\/en\/wp-json\/wp\/v2\/categories?post=7544"},{"taxonomy":"post_tag","embeddable":true,"href":"https:\/\/ciezaentumano.com\/en\/wp-json\/wp\/v2\/tags?post=7544"}],"curies":[{"name":"wp","href":"https:\/\/api.w.org\/{rel}","templated":true}]}}