{"id":7551,"date":"2020-01-28T01:27:53","date_gmt":"2020-01-28T00:27:53","guid":{"rendered":"https:\/\/ciezaentumano.com\/?p=7551"},"modified":"2020-01-29T01:36:24","modified_gmt":"2020-01-29T00:36:24","slug":"parroquia-san-joaquin-prepara-actos-motivo-celebracion-candelaria","status":"publish","type":"post","link":"https:\/\/ciezaentumano.com\/en\/parroquia-san-joaquin-prepara-actos-motivo-celebracion-candelaria\/","title":{"rendered":"The Parish of San Joaqu\u00edn prepares events for the celebration of Candlemas"},"content":{"rendered":"<p><strong>The Parish of San Joaqu\u00edn prepares the events for the celebration of Candlemas with the Solemn Triduum<\/strong> <strong>in preparation for the Virgin of Candelaria.<\/strong><\/p>\n<p><u>Days:<\/u> January 30, 31, and February 1, 2020.<strong>\u00a0<\/strong><\/p>\n<p><u>Acts:<\/u> 6:55 p.m. Rosary and Meditation of the Exercise.<\/p>\n<p>7:30 p.m. Mass with the Parish Choir.<\/p>\n<p>On the occasion of the celebration of Candlemas, or the Feast of the Presentation of the Lord, we invite you to bring your child who was baptized last year to church. Godparents and the entire community of Cieza are also invited.<\/p>\n<p><strong>On February 2nd, Mass will be held at 5:00 p.m., followed by a procession with the image of the Virgin and Child. With the collaboration of the Brotherhood of the Most Holy Christ of Forgiveness and the Virgin of Beautiful Love.<\/strong><\/p>\n<p>The route is: Corner of the Convent, Paseo (left side), Paseo (right side), and Corner of the Convent.<\/p>\n<p>In this way we accompanied the Virgin Mary and Saint Joseph when they took their Child to the Temple.<\/p>\n<p>With this celebration, we want to celebrate the gift of life received from God through our parents and the commitment to proclaim the Gospel of life entrusted to us by Jesus Christ.<\/p>","protected":false},"excerpt":{"rendered":"<p>La Parroquia de San Joaqu\u00edn prepara los actos con motivo de la celebraci\u00f3n de la Candelaria con el Solemne Triduo de preparaci\u00f3n a la Virgen de la Candelaria. D\u00edas: 30, 31 de Enero y 1 de Febrero de 2020.\u00a0 Actos: 18:55 h. Santo Rosario y Meditaci\u00f3n del Ejercicio. 19:30 h. Santa Misa con el Coro [&hellip;]<\/p>","protected":false},"author":1,"featured_media":3674,"comment_status":"open","ping_status":"closed","sticky":false,"template":"","format":"standard","meta":{"_et_pb_use_builder":"","_et_pb_old_content":"","_et_gb_content_width":"","footnotes":""},"categories":[2],"tags":[],"amp_enabled":true,"_links":{"self":[{"href":"https:\/\/ciezaentumano.com\/en\/wp-json\/wp\/v2\/posts\/7551"}],"collection":[{"href":"https:\/\/ciezaentumano.com\/en\/wp-json\/wp\/v2\/posts"}],"about":[{"href":"https:\/\/ciezaentumano.com\/en\/wp-json\/wp\/v2\/types\/post"}],"author":[{"embeddable":true,"href":"https:\/\/ciezaentumano.com\/en\/wp-json\/wp\/v2\/users\/1"}],"replies":[{"embeddable":true,"href":"https:\/\/ciezaentumano.com\/en\/wp-json\/wp\/v2\/comments?post=7551"}],"version-history":[{"count":1,"href":"https:\/\/ciezaentumano.com\/en\/wp-json\/wp\/v2\/posts\/7551\/revisions"}],"predecessor-version":[{"id":7552,"href":"https:\/\/ciezaentumano.com\/en\/wp-json\/wp\/v2\/posts\/7551\/revisions\/7552"}],"wp:featuredmedia":[{"embeddable":true,"href":"https:\/\/ciezaentumano.com\/en\/wp-json\/wp\/v2\/media\/3674"}],"wp:attachment":[{"href":"https:\/\/ciezaentumano.com\/en\/wp-json\/wp\/v2\/media?parent=7551"}],"wp:term":[{"taxonomy":"category","embeddable":true,"href":"https:\/\/ciezaentumano.com\/en\/wp-json\/wp\/v2\/categories?post=7551"},{"taxonomy":"post_tag","embeddable":true,"href":"https:\/\/ciezaentumano.com\/en\/wp-json\/wp\/v2\/tags?post=7551"}],"curies":[{"name":"wp","href":"https:\/\/api.w.org\/{rel}","templated":true}]}}