{"id":7578,"date":"2020-02-04T12:09:48","date_gmt":"2020-02-04T11:09:48","guid":{"rendered":"https:\/\/ciezaentumano.com\/?p=7578"},"modified":"2020-02-04T12:09:48","modified_gmt":"2020-02-04T11:09:48","slug":"exposicionl-viii-concurso-fotografia-floracion-cieza-2019","status":"publish","type":"post","link":"https:\/\/ciezaentumano.com\/en\/exposicionl-viii-concurso-fotografia-floracion-cieza-2019\/","title":{"rendered":"Exhibition of the VIII Cieza Flowering Photography Contest 2019"},"content":{"rendered":"<p>On Friday, February 21, at 7:30 p.m., the opening of the 8th Cieza Flowering Photography Contest 2019, organized by the CAF Cieza Photography Association and sponsored by the Cieza City Council, will take place at the Siy\u00e2sa Museum.<\/p>\n<p>The exhibition will remain open until March 22nd and can be visited during the Museum&#039;s opening hours:<br \/>\n\uf0b1 From Tuesday to Sat<span class=\"text_exposed_show\">Open from 11am to 1.30pm and from 5.30pm to 9pm.<br \/>\n\uf0b1 Sundays and Holidays from 10:30 a.m. to 2:00 p.m.<br \/>\n\uf0b1 Monday: Closed.<\/p>\n<p>The exhibition will feature the 20 finalist photographs, which you can visit in the exhibition space inside Siy\u00e2sa&#039;s houses, Houses 6 and 10, reproduced at full scale.<\/p>\n<p>We also remind you that the jury&#039;s decision will be announced on Saturday, March 7, at 12:30 p.m., and the three winning photographs will be awarded prizes.<\/span><\/p>\n<p>&nbsp;<\/p>\n<p><img loading=\"lazy\" decoding=\"async\" class=\"aligncenter size-full wp-image-7579\" src=\"https:\/\/ciezaentumano.com\/wp-content\/uploads\/2020\/02\/Cartel-de-la-exposici\u00f3n-de-fotograf\u00eda-de-la-Floraci\u00f3n-de-Cieza..jpg\" alt=\"\" width=\"660\" height=\"960\" srcset=\"https:\/\/ciezaentumano.com\/wp-content\/uploads\/2020\/02\/Cartel-de-la-exposici\u00f3n-de-fotograf\u00eda-de-la-Floraci\u00f3n-de-Cieza..jpg 660w, https:\/\/ciezaentumano.com\/wp-content\/uploads\/2020\/02\/Cartel-de-la-exposici\u00f3n-de-fotograf\u00eda-de-la-Floraci\u00f3n-de-Cieza.-206x300.jpg 206w\" sizes=\"(max-width: 660px) 100vw, 660px\" \/><\/p>","protected":false},"excerpt":{"rendered":"<p>On Friday, February 21, at 7:30 p.m., the opening of the 8th Cieza Flowering Photography Contest 2019, organized by the CAF Cieza Photography Association and sponsored by the Cieza City Council, will take place at the Siy\u00e2sa Museum.<\/p>","protected":false},"author":1,"featured_media":7579,"comment_status":"open","ping_status":"closed","sticky":false,"template":"","format":"standard","meta":{"_et_pb_use_builder":"","_et_pb_old_content":"","_et_gb_content_width":"","footnotes":""},"categories":[2],"tags":[],"amp_enabled":true,"_links":{"self":[{"href":"https:\/\/ciezaentumano.com\/en\/wp-json\/wp\/v2\/posts\/7578"}],"collection":[{"href":"https:\/\/ciezaentumano.com\/en\/wp-json\/wp\/v2\/posts"}],"about":[{"href":"https:\/\/ciezaentumano.com\/en\/wp-json\/wp\/v2\/types\/post"}],"author":[{"embeddable":true,"href":"https:\/\/ciezaentumano.com\/en\/wp-json\/wp\/v2\/users\/1"}],"replies":[{"embeddable":true,"href":"https:\/\/ciezaentumano.com\/en\/wp-json\/wp\/v2\/comments?post=7578"}],"version-history":[{"count":1,"href":"https:\/\/ciezaentumano.com\/en\/wp-json\/wp\/v2\/posts\/7578\/revisions"}],"predecessor-version":[{"id":7580,"href":"https:\/\/ciezaentumano.com\/en\/wp-json\/wp\/v2\/posts\/7578\/revisions\/7580"}],"wp:featuredmedia":[{"embeddable":true,"href":"https:\/\/ciezaentumano.com\/en\/wp-json\/wp\/v2\/media\/7579"}],"wp:attachment":[{"href":"https:\/\/ciezaentumano.com\/en\/wp-json\/wp\/v2\/media?parent=7578"}],"wp:term":[{"taxonomy":"category","embeddable":true,"href":"https:\/\/ciezaentumano.com\/en\/wp-json\/wp\/v2\/categories?post=7578"},{"taxonomy":"post_tag","embeddable":true,"href":"https:\/\/ciezaentumano.com\/en\/wp-json\/wp\/v2\/tags?post=7578"}],"curies":[{"name":"wp","href":"https:\/\/api.w.org\/{rel}","templated":true}]}}