{"id":7585,"date":"2020-02-06T14:29:11","date_gmt":"2020-02-06T13:29:11","guid":{"rendered":"https:\/\/ciezaentumano.com\/?p=7585"},"modified":"2020-02-06T14:29:11","modified_gmt":"2020-02-06T13:29:11","slug":"presentacion-novela-ciezana-mayte-salmeron-almela-verano-saint-malo","status":"publish","type":"post","link":"https:\/\/ciezaentumano.com\/en\/presentacion-novela-ciezana-mayte-salmeron-almela-verano-saint-malo\/","title":{"rendered":"Presentation of the novel by Cieza native Mayte Salmer\u00f3n Almela, &#039;A Summer in Saint-Malo&#039;"},"content":{"rendered":"<p>This Friday, at 7:30 p.m., at the Padre Salmer\u00f3n Municipal Library in Cieza, we&#039;ll be hosting the presentation of Cieza native Mayte Salmer\u00f3n Almela&#039;s novel, &quot;A Summer in Saint-Malo.&quot;<\/p>\n<p>The event will be presented by \u00c1ngel Almela Valchs.<\/p>\n<p>&nbsp;<\/p>\n<p><img loading=\"lazy\" decoding=\"async\" class=\"aligncenter size-full wp-image-7586\" src=\"https:\/\/ciezaentumano.com\/wp-content\/uploads\/2020\/02\/cartel-presentaci\u00f3n-novela-Biblioteca-Cieza..jpg\" alt=\"\" width=\"681\" height=\"960\" srcset=\"https:\/\/ciezaentumano.com\/wp-content\/uploads\/2020\/02\/cartel-presentaci\u00f3n-novela-Biblioteca-Cieza..jpg 681w, https:\/\/ciezaentumano.com\/wp-content\/uploads\/2020\/02\/cartel-presentaci\u00f3n-novela-Biblioteca-Cieza.-213x300.jpg 213w\" sizes=\"(max-width: 681px) 100vw, 681px\" \/><\/p>","protected":false},"excerpt":{"rendered":"<p>This Friday, at 7:30 p.m., at the Padre Salmer\u00f3n Municipal Library in Cieza, we&#039;ll be hosting the presentation of Cieza native Mayte Salmer\u00f3n Almela&#039;s novel, &quot;A Summer in Saint-Malo.&quot;<\/p>","protected":false},"author":1,"featured_media":7586,"comment_status":"open","ping_status":"closed","sticky":false,"template":"","format":"standard","meta":{"_et_pb_use_builder":"","_et_pb_old_content":"","_et_gb_content_width":"","footnotes":""},"categories":[2],"tags":[],"amp_enabled":true,"_links":{"self":[{"href":"https:\/\/ciezaentumano.com\/en\/wp-json\/wp\/v2\/posts\/7585"}],"collection":[{"href":"https:\/\/ciezaentumano.com\/en\/wp-json\/wp\/v2\/posts"}],"about":[{"href":"https:\/\/ciezaentumano.com\/en\/wp-json\/wp\/v2\/types\/post"}],"author":[{"embeddable":true,"href":"https:\/\/ciezaentumano.com\/en\/wp-json\/wp\/v2\/users\/1"}],"replies":[{"embeddable":true,"href":"https:\/\/ciezaentumano.com\/en\/wp-json\/wp\/v2\/comments?post=7585"}],"version-history":[{"count":1,"href":"https:\/\/ciezaentumano.com\/en\/wp-json\/wp\/v2\/posts\/7585\/revisions"}],"predecessor-version":[{"id":7587,"href":"https:\/\/ciezaentumano.com\/en\/wp-json\/wp\/v2\/posts\/7585\/revisions\/7587"}],"wp:featuredmedia":[{"embeddable":true,"href":"https:\/\/ciezaentumano.com\/en\/wp-json\/wp\/v2\/media\/7586"}],"wp:attachment":[{"href":"https:\/\/ciezaentumano.com\/en\/wp-json\/wp\/v2\/media?parent=7585"}],"wp:term":[{"taxonomy":"category","embeddable":true,"href":"https:\/\/ciezaentumano.com\/en\/wp-json\/wp\/v2\/categories?post=7585"},{"taxonomy":"post_tag","embeddable":true,"href":"https:\/\/ciezaentumano.com\/en\/wp-json\/wp\/v2\/tags?post=7585"}],"curies":[{"name":"wp","href":"https:\/\/api.w.org\/{rel}","templated":true}]}}