{"id":7605,"date":"2020-02-10T14:04:52","date_gmt":"2020-02-10T13:04:52","guid":{"rendered":"https:\/\/ciezaentumano.com\/?p=7605"},"modified":"2020-02-10T14:50:38","modified_gmt":"2020-02-10T13:50:38","slug":"presentacion-del-cortometraje-de-floracion-2020-tu-te-vienes-conmigo-dirigido-por-sergio-town","status":"publish","type":"post","link":"https:\/\/ciezaentumano.com\/en\/presentacion-del-cortometraje-de-floracion-2020-tu-te-vienes-conmigo-dirigido-por-sergio-town\/","title":{"rendered":"Presentation of the 2020 Floraci\u00f3n short film &quot;You Come With Me,&quot; directed by Sergio Town"},"content":{"rendered":"<p>Although it&#039;s a bit far away and not an event taking place in Cieza, it&#039;s very relevant to us, as it deals with our Flowering and is a project by a great team of Cieza residents. We remind you that today, Monday, February 10th, the presentation of the 2020 Flowering short film, entitled &quot;You Come With Me,&quot; directed by Sergio Town from Cieza, will take place at the Filmoteca Regi\u00f3n de Murcia.<\/p>\n<p>Doors will open at 7:30 p.m., and admission is free until capacity is reached.<\/p>","protected":false},"excerpt":{"rendered":"<p>Aunque nos pille un poquito lejos y no siendo un evento a realizar en Cieza, pero s\u00ed que tiene mucho que ver con nosotros, ya que trata de nuestra Floraci\u00f3n y es un trabajo hecho por un gran equipo de ciezanos, os recordamos que hoy, lunes 10 de febrero, tendr\u00e1 lugar en la Filmoteca Regi\u00f3n [&hellip;]<\/p>","protected":false},"author":1,"featured_media":7606,"comment_status":"open","ping_status":"closed","sticky":false,"template":"","format":"standard","meta":{"_et_pb_use_builder":"","_et_pb_old_content":"","_et_gb_content_width":"","footnotes":""},"categories":[2],"tags":[],"amp_enabled":true,"_links":{"self":[{"href":"https:\/\/ciezaentumano.com\/en\/wp-json\/wp\/v2\/posts\/7605"}],"collection":[{"href":"https:\/\/ciezaentumano.com\/en\/wp-json\/wp\/v2\/posts"}],"about":[{"href":"https:\/\/ciezaentumano.com\/en\/wp-json\/wp\/v2\/types\/post"}],"author":[{"embeddable":true,"href":"https:\/\/ciezaentumano.com\/en\/wp-json\/wp\/v2\/users\/1"}],"replies":[{"embeddable":true,"href":"https:\/\/ciezaentumano.com\/en\/wp-json\/wp\/v2\/comments?post=7605"}],"version-history":[{"count":3,"href":"https:\/\/ciezaentumano.com\/en\/wp-json\/wp\/v2\/posts\/7605\/revisions"}],"predecessor-version":[{"id":7609,"href":"https:\/\/ciezaentumano.com\/en\/wp-json\/wp\/v2\/posts\/7605\/revisions\/7609"}],"wp:featuredmedia":[{"embeddable":true,"href":"https:\/\/ciezaentumano.com\/en\/wp-json\/wp\/v2\/media\/7606"}],"wp:attachment":[{"href":"https:\/\/ciezaentumano.com\/en\/wp-json\/wp\/v2\/media?parent=7605"}],"wp:term":[{"taxonomy":"category","embeddable":true,"href":"https:\/\/ciezaentumano.com\/en\/wp-json\/wp\/v2\/categories?post=7605"},{"taxonomy":"post_tag","embeddable":true,"href":"https:\/\/ciezaentumano.com\/en\/wp-json\/wp\/v2\/tags?post=7605"}],"curies":[{"name":"wp","href":"https:\/\/api.w.org\/{rel}","templated":true}]}}