{"id":7610,"date":"2020-02-09T01:40:54","date_gmt":"2020-02-09T00:40:54","guid":{"rendered":"https:\/\/ciezaentumano.com\/?p=7610"},"modified":"2020-02-11T01:45:14","modified_gmt":"2020-02-11T00:45:14","slug":"caminata-solidaria-floracion-en-cieza-memorial-alberto-lucas-alarcon","status":"publish","type":"post","link":"https:\/\/ciezaentumano.com\/en\/caminata-solidaria-floracion-en-cieza-memorial-alberto-lucas-alarcon\/","title":{"rendered":"Solidarity Walk in Cieza, Blossoming &quot;Alberto Lucas Alarc\u00f3n Memorial&quot;"},"content":{"rendered":"<p>The Brotherhood of the Blessed Virgin of Sorrows, for the benefit of Afacmur, organizes the Solidarity Walk \u201cAlberto Lucas Alarc\u00f3n Memorial\u201d on February 22nd.<\/p>\n<p>On Saturday, February 22nd, at 11:00 a.m., the first Solidarity Walk, organized by the Brotherhood of Our Lady of Sorrows in collaboration with the Cieza City Council, will depart from the corner of the Convent. The proceeds will benefit the Association of Families of Children with Cancer of the Region of Murcia (Afacmur).<\/p>\n<p>Registration for the event will take place through the website of the Murcian Athletics Federation <a href=\"http:\/\/www.famu.es\" target=\"_blank\" rel=\"noopener\">www.famu.es<\/a> Registration is open until Thursday, February 20th, for a cost of \u20ac5. Upon reaching the finish line, each participant will receive a commemorative gift. Anyone aged 8 or older, or who will turn 8 in 2020, is welcome to participate. Children under 12 must be accompanied by an adult.<\/p>\n<p>The &quot;Alberto Lucas Alarc\u00f3n Memorial&quot; Solidarity Walk, a non-competitive 5.5-kilometer route, will start and finish at the Convent Corner. Along the way, it will pass through the Riverside Promenade and the Ronda Promenade, key locations for admiring and enjoying the Cieza Flowering Festival.<\/p>","protected":false},"excerpt":{"rendered":"<p>La Cofrad\u00eda de la Sant\u00edsima Virgen de los Dolores, a beneficio de Afacmur, organiza el 22 de febrero la Caminata Solidaria \u201cMemorial Alberto Lucas Alarc\u00f3n\u201d. El pr\u00f3ximo 22 de febrero, s\u00e1bado, a las 11:00 h. desde la Esquina del Convento tendr\u00e1 lugar la salida de la I Caminata Solidaria que organiza la Cofrad\u00eda de la [&hellip;]<\/p>","protected":false},"author":1,"featured_media":7611,"comment_status":"open","ping_status":"closed","sticky":false,"template":"","format":"standard","meta":{"_et_pb_use_builder":"","_et_pb_old_content":"","_et_gb_content_width":"","footnotes":""},"categories":[2],"tags":[],"amp_enabled":true,"_links":{"self":[{"href":"https:\/\/ciezaentumano.com\/en\/wp-json\/wp\/v2\/posts\/7610"}],"collection":[{"href":"https:\/\/ciezaentumano.com\/en\/wp-json\/wp\/v2\/posts"}],"about":[{"href":"https:\/\/ciezaentumano.com\/en\/wp-json\/wp\/v2\/types\/post"}],"author":[{"embeddable":true,"href":"https:\/\/ciezaentumano.com\/en\/wp-json\/wp\/v2\/users\/1"}],"replies":[{"embeddable":true,"href":"https:\/\/ciezaentumano.com\/en\/wp-json\/wp\/v2\/comments?post=7610"}],"version-history":[{"count":1,"href":"https:\/\/ciezaentumano.com\/en\/wp-json\/wp\/v2\/posts\/7610\/revisions"}],"predecessor-version":[{"id":7612,"href":"https:\/\/ciezaentumano.com\/en\/wp-json\/wp\/v2\/posts\/7610\/revisions\/7612"}],"wp:featuredmedia":[{"embeddable":true,"href":"https:\/\/ciezaentumano.com\/en\/wp-json\/wp\/v2\/media\/7611"}],"wp:attachment":[{"href":"https:\/\/ciezaentumano.com\/en\/wp-json\/wp\/v2\/media?parent=7610"}],"wp:term":[{"taxonomy":"category","embeddable":true,"href":"https:\/\/ciezaentumano.com\/en\/wp-json\/wp\/v2\/categories?post=7610"},{"taxonomy":"post_tag","embeddable":true,"href":"https:\/\/ciezaentumano.com\/en\/wp-json\/wp\/v2\/tags?post=7610"}],"curies":[{"name":"wp","href":"https:\/\/api.w.org\/{rel}","templated":true}]}}