{"id":7631,"date":"2020-02-12T18:02:22","date_gmt":"2020-02-12T17:02:22","guid":{"rendered":"https:\/\/ciezaentumano.com\/?p=7631"},"modified":"2020-02-13T18:47:18","modified_gmt":"2020-02-13T17:47:18","slug":"40-vuelta-ciclista-region-murcia-pasara-viernes-cieza","status":"publish","type":"post","link":"https:\/\/ciezaentumano.com\/en\/40-vuelta-ciclista-region-murcia-pasara-viernes-cieza\/","title":{"rendered":"The 40th Murcia Cycling Tour will pass through Cieza this Friday."},"content":{"rendered":"<p>Once again, Cieza will be the venue for the 40th edition of the Vuelta Ciclista (Cycling Tour) for the multi-coloured peloton in the Murcia Region. This event is expected to take place between 2:50pm and 3:30pm. The Mariano Rojas Memorial Trophy will be located on Gran V\u00eda Juan Carlos I Avenue. Of course, our professional cyclist from the Movistar Team, Jos\u00e9 Joaqu\u00edn Rojas from Cieza, will be present, escorting his leaders, Alejandro Valverde and Enric Mas.<\/p>\n<p><strong>STAGE 1 | TOUR OF MURCIA<\/strong><\/p>\n<p>Here we leave you the most important points of the first stage of the\u00a0<a class=\"_58cn\" href=\"https:\/\/www.facebook.com\/hashtag\/vueltaciclistamurcia2020?source=feed_text&amp;epa=HASHTAG&amp;__xts__%5B0%5D=68.ARBE81KkeNrvKyxoHsVXhuoEbXKAh2GBl1BUpXAjfK33CUFwoF0BK84PrKJ_7LeRNT4F1Knurhpe1TDc1Sh3mcBbdAJsj_oEFYqWWf5RfL-z1juNQFncVRg7XdA2sQS4Iq2hL2rPV-k5jPfQtiZ0JsUkTt9m-T3rQUjkne4mj-pzKXqMEHyjnpuKPdtw-CjspPmpKrNk2TiBCdNmMhfaARWvJN0u1n2BOoaravQcyJGNQn5CDs5_Fi2HhrezREcXEGDgF1iyFpL3JDOpmea4TujBaalKzJcN5Zh6l9Ht0ECTBZOg0EHcjV4ekFc2DgjIH0wbzfswD5TZu-5h5vm_fknJLg&amp;__tn__=%2ANK-R\" data-ft=\"{&quot;type&quot;:104,&quot;tn&quot;:&quot;*N&quot;}\" target=\"_blank\" rel=\"noopener\"><span class=\"_5afx\"><span class=\"_58cl _5afz\" aria-label=\"hashtag\">#<\/span><span class=\"_58cm\">Murcia Cycling Tour 2020<\/span><\/span><\/a>\u00a0Banco Sabadell Grand Prix.<\/p>\n<p>TOTAL: 177.6 km.<\/p>\n<div class=\"text_exposed_show\">\n<p>Exit: Los Alc\u00e1zares (km 0).<br \/>\n(3rd) High Cabezo de la Plata (km 25).<br \/>\nMV: Fortuna (km 64).<br \/>\n(1st) Alto La Garapacha (km 82).<br \/>\nRefreshment station (km 101).<br \/>\nMV: Cieza \u2013 Mariano Rojas Memorial (km 123).<br \/>\n(3rd) Alto Qu\u00edpar (km 139).<br \/>\nGoal: Caravaca de la Cruz (km 178).<\/p>\n<p>The race will start in Los Alc\u00e1zares with 178 kilometers remaining. The peloton will tackle the Alto de Cabezo de la Plata in the first hour of the race. Last year, the Vuelta also passed through this mountain pass, topped by Rub\u00e9n Fern\u00e1ndez before the finish in San Javier. This year, it will serve to consolidate the day&#039;s break ahead of the first Meta Volante of the day in Fortuna, after 66 kilometers have already been covered, passing El Raal and Cobatillas, overcoming the steep Fortuna road. With hardly any rest, the riders will have to ascend the main climb of the day. The Alto de La Garapacha, a traditional Category 3 mountain pass, is now down to Category 1 as the climb is longer and, therefore, could decide the winner of the mountain climb at the finish line.<\/p>\n<p>Once past the refreshment station in the La Zarza area, the cyclists will head towards Cieza, where they will compete in the second Meta Volante, the Mariano Rojas Memorial, which, as every year, commemorates the famous and memorable Ciezano rider, with just over 55 kilometers remaining. The peloton must overcome the last mountain pass of the day: the Alto de Qu\u00edpar (category 3), which connects Cieza with Calasparra. Once they reach the top, with less than 40 kilometers remaining, the cyclists will aim for the finish line in Caravaca de la Cruz, located at the Bas\u00edlica de la Vera Cruz, after ascending the Cuesta del Castillo. This incredible climb, similar to the one the Caballos del Vino (Wine Horses) complete every year, is a spectacle in the quest to find the first person to wear the yellow leader&#039;s jersey.<\/p>\n<\/div>\n<p>&nbsp;<\/p>\n<p><img loading=\"lazy\" decoding=\"async\" class=\"aligncenter size-large wp-image-7633\" src=\"https:\/\/ciezaentumano.com\/wp-content\/uploads\/2020\/02\/Vuelta-Murcia-2020-Cartel-732x1024.jpg\" alt=\"\" width=\"732\" height=\"1024\" srcset=\"https:\/\/ciezaentumano.com\/wp-content\/uploads\/2020\/02\/Vuelta-Murcia-2020-Cartel-732x1024.jpg 732w, https:\/\/ciezaentumano.com\/wp-content\/uploads\/2020\/02\/Vuelta-Murcia-2020-Cartel-214x300.jpg 214w, https:\/\/ciezaentumano.com\/wp-content\/uploads\/2020\/02\/Vuelta-Murcia-2020-Cartel-768x1075.jpg 768w, https:\/\/ciezaentumano.com\/wp-content\/uploads\/2020\/02\/Vuelta-Murcia-2020-Cartel-1080x1512.jpg 1080w, https:\/\/ciezaentumano.com\/wp-content\/uploads\/2020\/02\/Vuelta-Murcia-2020-Cartel.jpg 1463w\" sizes=\"(max-width: 732px) 100vw, 732px\" \/><\/p>\n<p>&nbsp;<\/p>\n<p>&nbsp;<\/p>","protected":false},"excerpt":{"rendered":"<p>Un a\u00f1o m\u00e1s Cieza ser\u00e1 paso del pelot\u00f3n multicolor de la Vuelta Ciclista a la Regi\u00f3n de Murcia en su 40 edici\u00f3n, se espera que lo haga entre las 14:50h. y las 15:30h. y en donde contaremos con el Trofeo Memorial Mariano Rojas ubicado en la Avenida Gran V\u00eda Juan Carlos I, y por supuesto [&hellip;]<\/p>","protected":false},"author":1,"featured_media":7634,"comment_status":"open","ping_status":"closed","sticky":false,"template":"","format":"standard","meta":{"_et_pb_use_builder":"","_et_pb_old_content":"","_et_gb_content_width":"","footnotes":""},"categories":[3],"tags":[],"amp_enabled":true,"_links":{"self":[{"href":"https:\/\/ciezaentumano.com\/en\/wp-json\/wp\/v2\/posts\/7631"}],"collection":[{"href":"https:\/\/ciezaentumano.com\/en\/wp-json\/wp\/v2\/posts"}],"about":[{"href":"https:\/\/ciezaentumano.com\/en\/wp-json\/wp\/v2\/types\/post"}],"author":[{"embeddable":true,"href":"https:\/\/ciezaentumano.com\/en\/wp-json\/wp\/v2\/users\/1"}],"replies":[{"embeddable":true,"href":"https:\/\/ciezaentumano.com\/en\/wp-json\/wp\/v2\/comments?post=7631"}],"version-history":[{"count":1,"href":"https:\/\/ciezaentumano.com\/en\/wp-json\/wp\/v2\/posts\/7631\/revisions"}],"predecessor-version":[{"id":7635,"href":"https:\/\/ciezaentumano.com\/en\/wp-json\/wp\/v2\/posts\/7631\/revisions\/7635"}],"wp:featuredmedia":[{"embeddable":true,"href":"https:\/\/ciezaentumano.com\/en\/wp-json\/wp\/v2\/media\/7634"}],"wp:attachment":[{"href":"https:\/\/ciezaentumano.com\/en\/wp-json\/wp\/v2\/media?parent=7631"}],"wp:term":[{"taxonomy":"category","embeddable":true,"href":"https:\/\/ciezaentumano.com\/en\/wp-json\/wp\/v2\/categories?post=7631"},{"taxonomy":"post_tag","embeddable":true,"href":"https:\/\/ciezaentumano.com\/en\/wp-json\/wp\/v2\/tags?post=7631"}],"curies":[{"name":"wp","href":"https:\/\/api.w.org\/{rel}","templated":true}]}}