{"id":7650,"date":"2020-02-18T13:03:48","date_gmt":"2020-02-18T12:03:48","guid":{"rendered":"https:\/\/ciezaentumano.com\/?p=7650"},"modified":"2020-02-19T13:13:40","modified_gmt":"2020-02-19T12:13:40","slug":"charla-actuales-protestas-agrarias-miercoles-club-atalaya","status":"publish","type":"post","link":"https:\/\/ciezaentumano.com\/en\/charla-actuales-protestas-agrarias-miercoles-club-atalaya\/","title":{"rendered":"Talk &#039;Current Agrarian Protests&#039; this Wednesday at the Atalaya Club"},"content":{"rendered":"<p>Talk &#039;Current agricultural protests&#039; this Wednesday, February 19th at the Atalaya Club at 6 pm.<\/p>\n<p>Who works in agriculture? What is a farmer? Who has been demonstrating for over a week to protest the critical situation in agriculture?<br \/>\nNone of the three questions has simple answers; much less so when it comes to an economic sector in which the small owner and the landowner coexist, the family farm and the company partly owned by investment funds, the cooperative member and the salaried worker, the cultivator of organic techniques and the uberized producer whose activity depends on an integrator with, in all cases, a progressive presence of large companies and a decrease in independent farmers while the trends towards land concentration, industrialization and professionalization of the sector are clearly imposed.<\/p>\n<p><img loading=\"lazy\" decoding=\"async\" class=\"aligncenter size-large wp-image-7651\" src=\"https:\/\/ciezaentumano.com\/wp-content\/uploads\/2020\/02\/cartel-charla-agraria-cieza.-1024x303.jpg\" alt=\"\" width=\"1024\" height=\"303\" srcset=\"https:\/\/ciezaentumano.com\/wp-content\/uploads\/2020\/02\/cartel-charla-agraria-cieza.-1024x303.jpg 1024w, https:\/\/ciezaentumano.com\/wp-content\/uploads\/2020\/02\/cartel-charla-agraria-cieza.-300x89.jpg 300w, https:\/\/ciezaentumano.com\/wp-content\/uploads\/2020\/02\/cartel-charla-agraria-cieza.-768x227.jpg 768w, https:\/\/ciezaentumano.com\/wp-content\/uploads\/2020\/02\/cartel-charla-agraria-cieza.-1080x319.jpg 1080w, https:\/\/ciezaentumano.com\/wp-content\/uploads\/2020\/02\/cartel-charla-agraria-cieza..jpg 1765w\" sizes=\"(max-width: 1024px) 100vw, 1024px\" \/><\/p>\n<p>Source: Atalaya Cieza Club.<\/p>","protected":false},"excerpt":{"rendered":"<p>Charla &#8216;Las actuales protestas agrarias&#8217; este mi\u00e9rcoles 19 de febrero en el Club Atalaya a las 18 horas. \u00bfQui\u00e9n trabaja en el campo? \u00bfQu\u00e9 es un agricultor? \u00bfQui\u00e9n se est\u00e1 manifestando desde hace m\u00e1s de una semana para protestar por la cr\u00edtica situaci\u00f3n del agro? Ninguna de las tres preguntas tiene respuestas simples; mucho menos, [&hellip;]<\/p>","protected":false},"author":1,"featured_media":7651,"comment_status":"open","ping_status":"closed","sticky":false,"template":"","format":"standard","meta":{"_et_pb_use_builder":"","_et_pb_old_content":"","_et_gb_content_width":"","footnotes":""},"categories":[2],"tags":[],"amp_enabled":true,"_links":{"self":[{"href":"https:\/\/ciezaentumano.com\/en\/wp-json\/wp\/v2\/posts\/7650"}],"collection":[{"href":"https:\/\/ciezaentumano.com\/en\/wp-json\/wp\/v2\/posts"}],"about":[{"href":"https:\/\/ciezaentumano.com\/en\/wp-json\/wp\/v2\/types\/post"}],"author":[{"embeddable":true,"href":"https:\/\/ciezaentumano.com\/en\/wp-json\/wp\/v2\/users\/1"}],"replies":[{"embeddable":true,"href":"https:\/\/ciezaentumano.com\/en\/wp-json\/wp\/v2\/comments?post=7650"}],"version-history":[{"count":1,"href":"https:\/\/ciezaentumano.com\/en\/wp-json\/wp\/v2\/posts\/7650\/revisions"}],"predecessor-version":[{"id":7652,"href":"https:\/\/ciezaentumano.com\/en\/wp-json\/wp\/v2\/posts\/7650\/revisions\/7652"}],"wp:featuredmedia":[{"embeddable":true,"href":"https:\/\/ciezaentumano.com\/en\/wp-json\/wp\/v2\/media\/7651"}],"wp:attachment":[{"href":"https:\/\/ciezaentumano.com\/en\/wp-json\/wp\/v2\/media?parent=7650"}],"wp:term":[{"taxonomy":"category","embeddable":true,"href":"https:\/\/ciezaentumano.com\/en\/wp-json\/wp\/v2\/categories?post=7650"},{"taxonomy":"post_tag","embeddable":true,"href":"https:\/\/ciezaentumano.com\/en\/wp-json\/wp\/v2\/tags?post=7650"}],"curies":[{"name":"wp","href":"https:\/\/api.w.org\/{rel}","templated":true}]}}