{"id":7656,"date":"2020-02-18T18:00:56","date_gmt":"2020-02-18T17:00:56","guid":{"rendered":"https:\/\/ciezaentumano.com\/?p=7656"},"modified":"2020-02-27T16:00:45","modified_gmt":"2020-02-27T15:00:45","slug":"i-caminata-solidaria-floracion-cieza-memorial-alberto-lucas-alarcon","status":"publish","type":"post","link":"https:\/\/ciezaentumano.com\/en\/i-caminata-solidaria-floracion-cieza-memorial-alberto-lucas-alarcon\/","title":{"rendered":"1st Cieza Blossom Solidarity Walk &quot;Alberto Lucas Alarc\u00f3n Memorial&quot;"},"content":{"rendered":"<p>Next Saturday, February 22nd, the activities planned for the coming weekends for the 2020 Bloom project will begin. In this case, the 1st Bloom Solidarity Walk in Cieza &quot;Alberto Lucas Alarc\u00f3n Memorial&quot; will be held.<\/p>\n<p>You can register at <a href=\"http:\/\/www.famu.es\/?fbclid=IwAR1Rqtc4VBtAG7fH34R0QuFjIFYIbVdyFGnCMZu_VyezDYc4nMUcbFB_unM\" target=\"_blank\" rel=\"noopener nofollow noreferrer\" data-ft=\"{&quot;tn&quot;:&quot;-U&quot;}\" data-lynx-mode=\"asynclazy\" data-lynx-uri=\"https:\/\/l.facebook.com\/l.php?u=http%3A%2F%2Fwww.famu.es%2F%3Ffbclid%3DIwAR1Rqtc4VBtAG7fH34R0QuFjIFYIbVdyFGnCMZu_VyezDYc4nMUcbFB_unM&amp;h=AT0MOsfBh-F-im6zMaqvB2-a8FKbmhUgefNEYPYUnOzbIGjZjvmzyg_fkaJWsOyYSYsC9Uf75sIWX_C1LCheiJgwz23GBF-Pv881NYD84z4W_asPQcoM2zE28g3Q1mzvVK0I8Let3lM3gZUZfWc3yKsEC0XsjqIzVg\">www.famu.es<\/a>\u00a0and at Fernando Butcher Shop and Jes\u00fas Herrera Butcher Shop.<\/p>\n<p>T-shirts and bags for the walk can be picked up this Thursday the 20th and Friday the 21st from 4:30 to 8:00 PM, and on Saturday until 10:00 AM, at the former Mario Bags store on Santa Ana Street in Cieza.<\/p>","protected":false},"excerpt":{"rendered":"<p>El pr\u00f3ximo s\u00e1bado 22 de febrero comienzan las actividades previstas para los pr\u00f3ximos fines de semana con motivo del proyecto Floraci\u00f3n 2020, en este caso se llevar\u00e1 a cabo la I Caminata Solidaria Floraci\u00f3n en Cieza \u00abMemorial Alberto Lucas Alarc\u00f3n\u00bb. Puedes realizar las inscripciones en www.famu.es\u00a0y en Carnicer\u00eda Fernando y Carnicer\u00eda Jes\u00fas Herrera. La recogida [&hellip;]<\/p>","protected":false},"author":1,"featured_media":7611,"comment_status":"open","ping_status":"closed","sticky":false,"template":"","format":"standard","meta":{"_et_pb_use_builder":"","_et_pb_old_content":"","_et_gb_content_width":"","footnotes":""},"categories":[3],"tags":[],"amp_enabled":true,"_links":{"self":[{"href":"https:\/\/ciezaentumano.com\/en\/wp-json\/wp\/v2\/posts\/7656"}],"collection":[{"href":"https:\/\/ciezaentumano.com\/en\/wp-json\/wp\/v2\/posts"}],"about":[{"href":"https:\/\/ciezaentumano.com\/en\/wp-json\/wp\/v2\/types\/post"}],"author":[{"embeddable":true,"href":"https:\/\/ciezaentumano.com\/en\/wp-json\/wp\/v2\/users\/1"}],"replies":[{"embeddable":true,"href":"https:\/\/ciezaentumano.com\/en\/wp-json\/wp\/v2\/comments?post=7656"}],"version-history":[{"count":2,"href":"https:\/\/ciezaentumano.com\/en\/wp-json\/wp\/v2\/posts\/7656\/revisions"}],"predecessor-version":[{"id":7658,"href":"https:\/\/ciezaentumano.com\/en\/wp-json\/wp\/v2\/posts\/7656\/revisions\/7658"}],"wp:featuredmedia":[{"embeddable":true,"href":"https:\/\/ciezaentumano.com\/en\/wp-json\/wp\/v2\/media\/7611"}],"wp:attachment":[{"href":"https:\/\/ciezaentumano.com\/en\/wp-json\/wp\/v2\/media?parent=7656"}],"wp:term":[{"taxonomy":"category","embeddable":true,"href":"https:\/\/ciezaentumano.com\/en\/wp-json\/wp\/v2\/categories?post=7656"},{"taxonomy":"post_tag","embeddable":true,"href":"https:\/\/ciezaentumano.com\/en\/wp-json\/wp\/v2\/tags?post=7656"}],"curies":[{"name":"wp","href":"https:\/\/api.w.org\/{rel}","templated":true}]}}