{"id":7659,"date":"2020-02-20T18:56:22","date_gmt":"2020-02-20T17:56:22","guid":{"rendered":"https:\/\/ciezaentumano.com\/?p=7659"},"modified":"2020-02-27T16:02:34","modified_gmt":"2020-02-27T15:02:34","slug":"actividades-gran-desfile-comparsas-carnaval-cieza-2020","status":"publish","type":"post","link":"https:\/\/ciezaentumano.com\/en\/actividades-gran-desfile-comparsas-carnaval-cieza-2020\/","title":{"rendered":"Activities and Grand Parade of Carnival Groups of Cieza 2020"},"content":{"rendered":"<p><strong>This Saturday, February 22nd, at 4:30 p.m., participants from associations, troupes, and school groups will set off to brighten up the streets of Cieza in a fun and colorful Carnival parade.<\/strong><\/p>\n<p><strong>The route will be the usual one: Paseo Don Antonio Salas, Paseo de Jos\u00e9 Antonio Camacho, Gran V\u00eda Juan Carlos I from Plaza las Cortes to Fuente Nazar\u00ed, Camino de Murcia, Esquina del Convento, Paseo on both sides and ending at Esquina del Convento, where the competition will be held.<\/strong><\/p>\n<h3>CIEZA CARNIVAL COMPETITION RULES<\/h3>\n<p>Any troupe that has not registered within the established deadline will not be allowed to participate in the competition.<\/p>\n<p>They will be 1st \/ \u20ac800, 2nd \/ \u20ac500, 3rd \/ \u20ac400 and 4th \/ \u20ac300.<\/p>\n<p>Prizes for the Parents&#039; Associations (AMPAs) of Ciezan schools valued at 500 and 400 euros, as well as 11 prizes of 300 euros for the rest of the participating AMPAS from the Early Childhood and Primary schools in our town.<\/p>\n<p>&nbsp;<\/p>\n<p><img loading=\"lazy\" decoding=\"async\" class=\"aligncenter size-full wp-image-7660\" src=\"https:\/\/ciezaentumano.com\/wp-content\/uploads\/2020\/02\/Cartel-del-desfile-de-carnaval-de-Cieza..jpg\" alt=\"\" width=\"929\" height=\"960\" srcset=\"https:\/\/ciezaentumano.com\/wp-content\/uploads\/2020\/02\/Cartel-del-desfile-de-carnaval-de-Cieza..jpg 929w, https:\/\/ciezaentumano.com\/wp-content\/uploads\/2020\/02\/Cartel-del-desfile-de-carnaval-de-Cieza.-290x300.jpg 290w, https:\/\/ciezaentumano.com\/wp-content\/uploads\/2020\/02\/Cartel-del-desfile-de-carnaval-de-Cieza.-768x794.jpg 768w\" sizes=\"(max-width: 929px) 100vw, 929px\" \/><\/p>\n<p>&nbsp;<\/p>\n<p><img loading=\"lazy\" decoding=\"async\" class=\"aligncenter size-large wp-image-7662\" src=\"https:\/\/ciezaentumano.com\/wp-content\/uploads\/2020\/02\/recorrido-desfile-de-carnaval-de-Cieza.-1024x715.jpg\" alt=\"\" width=\"1024\" height=\"715\" srcset=\"https:\/\/ciezaentumano.com\/wp-content\/uploads\/2020\/02\/recorrido-desfile-de-carnaval-de-Cieza.-1024x715.jpg 1024w, https:\/\/ciezaentumano.com\/wp-content\/uploads\/2020\/02\/recorrido-desfile-de-carnaval-de-Cieza.-300x210.jpg 300w, https:\/\/ciezaentumano.com\/wp-content\/uploads\/2020\/02\/recorrido-desfile-de-carnaval-de-Cieza.-768x536.jpg 768w, https:\/\/ciezaentumano.com\/wp-content\/uploads\/2020\/02\/recorrido-desfile-de-carnaval-de-Cieza.-1080x754.jpg 1080w, https:\/\/ciezaentumano.com\/wp-content\/uploads\/2020\/02\/recorrido-desfile-de-carnaval-de-Cieza..jpg 1356w\" sizes=\"(max-width: 1024px) 100vw, 1024px\" \/><\/p>","protected":false},"excerpt":{"rendered":"<p>Este s\u00e1bado 22 de febrero a las 16:30 horas se dar\u00e1 salida a los participantes de asociaciones, comparsas y grupos escolares que alegraran las calles de Cieza en un divertido y colorido desfile de Carnaval. El recorrido ser\u00e1 el ya habitual: Paseo Don Antonio Salas, Paseo de Jos\u00e9 Antonio Camacho, Gran V\u00eda Juan Carlos I [&hellip;]<\/p>","protected":false},"author":1,"featured_media":7660,"comment_status":"open","ping_status":"closed","sticky":false,"template":"","format":"standard","meta":{"_et_pb_use_builder":"","_et_pb_old_content":"","_et_gb_content_width":"","footnotes":""},"categories":[2],"tags":[],"amp_enabled":true,"_links":{"self":[{"href":"https:\/\/ciezaentumano.com\/en\/wp-json\/wp\/v2\/posts\/7659"}],"collection":[{"href":"https:\/\/ciezaentumano.com\/en\/wp-json\/wp\/v2\/posts"}],"about":[{"href":"https:\/\/ciezaentumano.com\/en\/wp-json\/wp\/v2\/types\/post"}],"author":[{"embeddable":true,"href":"https:\/\/ciezaentumano.com\/en\/wp-json\/wp\/v2\/users\/1"}],"replies":[{"embeddable":true,"href":"https:\/\/ciezaentumano.com\/en\/wp-json\/wp\/v2\/comments?post=7659"}],"version-history":[{"count":1,"href":"https:\/\/ciezaentumano.com\/en\/wp-json\/wp\/v2\/posts\/7659\/revisions"}],"predecessor-version":[{"id":7663,"href":"https:\/\/ciezaentumano.com\/en\/wp-json\/wp\/v2\/posts\/7659\/revisions\/7663"}],"wp:featuredmedia":[{"embeddable":true,"href":"https:\/\/ciezaentumano.com\/en\/wp-json\/wp\/v2\/media\/7660"}],"wp:attachment":[{"href":"https:\/\/ciezaentumano.com\/en\/wp-json\/wp\/v2\/media?parent=7659"}],"wp:term":[{"taxonomy":"category","embeddable":true,"href":"https:\/\/ciezaentumano.com\/en\/wp-json\/wp\/v2\/categories?post=7659"},{"taxonomy":"post_tag","embeddable":true,"href":"https:\/\/ciezaentumano.com\/en\/wp-json\/wp\/v2\/tags?post=7659"}],"curies":[{"name":"wp","href":"https:\/\/api.w.org\/{rel}","templated":true}]}}