{"id":7698,"date":"2020-02-27T00:40:13","date_gmt":"2020-02-26T23:40:13","guid":{"rendered":"https:\/\/ciezaentumano.com\/?p=7698"},"modified":"2020-02-28T01:07:08","modified_gmt":"2020-02-28T00:07:08","slug":"via-crucis-cristo-de-medinaceli","status":"publish","type":"post","link":"https:\/\/ciezaentumano.com\/en\/via-crucis-cristo-de-medinaceli\/","title":{"rendered":"News on the 1st Via Crucis of the Christ of Medinaceli"},"content":{"rendered":"<p>This Friday, February 28th, the Via Crucis begins once again with the Christ of Medinaceli through the streets of Cieza.<\/p>\n<p>All Stations of the Cross will be at 8:15 p.m. from San Joaqu\u00edn.<\/p>\n<p>In this first Via Crucis, there are two new features:<\/p>\n<p>\u2022 The first of these is that the Christ of Health of Archena will parade alongside the Christ of Medinaceli.<\/p>\n<p>\u2022 The second is that during the 7:30 p.m. mass, the <span class=\"text_exposed_show\">Awarding of the Medal of Merit of the Order of Santiago to the Christ of Medinaceli.<br \/>\n<\/span><\/p>\n<p><span class=\"text_exposed_show\">Itinerary: Corner of the Convent, Mesones Street, Angostos Street, Tercia Street, Santo Cristo Street, C\u00e1novas del Castillo Street, San Pedro Street, Plaza Mayor, Cid Street, La Parra Street, Rinc\u00f3n de los Pinos, Larga Street, Buitragos Street, San Sebasti\u00e1n Street and Corner of the Convent.<\/span><\/p>","protected":false},"excerpt":{"rendered":"<p>Este viernes 28 de febrero comienza un a\u00f1o m\u00e1s los V\u00eda Crucis con el Cristo de Medinaceli por las calles de Cieza. Todos los V\u00edas Crucis ser\u00e1n a las 20:15 horas desde San Joaqu\u00edn. En este primer V\u00eda Crucis, se dan dos novedades: \u2022 La primera de ellas es que es el Cristo de la [&hellip;]<\/p>","protected":false},"author":1,"featured_media":3961,"comment_status":"open","ping_status":"closed","sticky":false,"template":"","format":"standard","meta":{"_et_pb_use_builder":"","_et_pb_old_content":"","_et_gb_content_width":"","footnotes":""},"categories":[2],"tags":[],"amp_enabled":true,"_links":{"self":[{"href":"https:\/\/ciezaentumano.com\/en\/wp-json\/wp\/v2\/posts\/7698"}],"collection":[{"href":"https:\/\/ciezaentumano.com\/en\/wp-json\/wp\/v2\/posts"}],"about":[{"href":"https:\/\/ciezaentumano.com\/en\/wp-json\/wp\/v2\/types\/post"}],"author":[{"embeddable":true,"href":"https:\/\/ciezaentumano.com\/en\/wp-json\/wp\/v2\/users\/1"}],"replies":[{"embeddable":true,"href":"https:\/\/ciezaentumano.com\/en\/wp-json\/wp\/v2\/comments?post=7698"}],"version-history":[{"count":1,"href":"https:\/\/ciezaentumano.com\/en\/wp-json\/wp\/v2\/posts\/7698\/revisions"}],"predecessor-version":[{"id":7699,"href":"https:\/\/ciezaentumano.com\/en\/wp-json\/wp\/v2\/posts\/7698\/revisions\/7699"}],"wp:featuredmedia":[{"embeddable":true,"href":"https:\/\/ciezaentumano.com\/en\/wp-json\/wp\/v2\/media\/3961"}],"wp:attachment":[{"href":"https:\/\/ciezaentumano.com\/en\/wp-json\/wp\/v2\/media?parent=7698"}],"wp:term":[{"taxonomy":"category","embeddable":true,"href":"https:\/\/ciezaentumano.com\/en\/wp-json\/wp\/v2\/categories?post=7698"},{"taxonomy":"post_tag","embeddable":true,"href":"https:\/\/ciezaentumano.com\/en\/wp-json\/wp\/v2\/tags?post=7698"}],"curies":[{"name":"wp","href":"https:\/\/api.w.org\/{rel}","templated":true}]}}