{"id":7710,"date":"2020-02-27T18:27:46","date_gmt":"2020-02-27T17:27:46","guid":{"rendered":"https:\/\/ciezaentumano.com\/?p=7710"},"modified":"2020-03-05T14:18:09","modified_gmt":"2020-03-05T13:18:09","slug":"concierto-floracion-coral-ars-nova-cieza","status":"publish","type":"post","link":"https:\/\/ciezaentumano.com\/en\/concierto-floracion-coral-ars-nova-cieza\/","title":{"rendered":"Flowering Concert by the Ars Nova Cieza Choir"},"content":{"rendered":"<p>This year we can enjoy a new Floraci\u00f3n concert by the Cieza choir Ars Nova, this Friday, February 28th at 9pm in the Parish and Basilica of the Assumption of Cieza, in which, once again and coinciding with the beginning of Lent, they will take a short journey through the &quot;Sacred Music&quot; with which, thanks to the different Brotherhoods of Cieza and its Board of Brotherhoods, the Ars Nova choir participates in various events of our Holy Week in Cieza.<\/p>","protected":false},"excerpt":{"rendered":"<p>Este a\u00f1o podremos disfrutar de un nuevo concierto de Floraci\u00f3n de la Coral ciezana Ars Nova, ser\u00e1 este viernes 28 de febrero a las 21 horas en la Parroquia y Bas\u00edlica de la Asunci\u00f3n de Cieza, en el que, un a\u00f1o m\u00e1s y coincidiendo con el inicio de la Cuaresma, har\u00e1n un peque\u00f1o recorrido por [&hellip;]<\/p>","protected":false},"author":1,"featured_media":7711,"comment_status":"open","ping_status":"closed","sticky":false,"template":"","format":"standard","meta":{"_et_pb_use_builder":"","_et_pb_old_content":"","_et_gb_content_width":"","footnotes":""},"categories":[2],"tags":[],"amp_enabled":true,"_links":{"self":[{"href":"https:\/\/ciezaentumano.com\/en\/wp-json\/wp\/v2\/posts\/7710"}],"collection":[{"href":"https:\/\/ciezaentumano.com\/en\/wp-json\/wp\/v2\/posts"}],"about":[{"href":"https:\/\/ciezaentumano.com\/en\/wp-json\/wp\/v2\/types\/post"}],"author":[{"embeddable":true,"href":"https:\/\/ciezaentumano.com\/en\/wp-json\/wp\/v2\/users\/1"}],"replies":[{"embeddable":true,"href":"https:\/\/ciezaentumano.com\/en\/wp-json\/wp\/v2\/comments?post=7710"}],"version-history":[{"count":3,"href":"https:\/\/ciezaentumano.com\/en\/wp-json\/wp\/v2\/posts\/7710\/revisions"}],"predecessor-version":[{"id":7763,"href":"https:\/\/ciezaentumano.com\/en\/wp-json\/wp\/v2\/posts\/7710\/revisions\/7763"}],"wp:featuredmedia":[{"embeddable":true,"href":"https:\/\/ciezaentumano.com\/en\/wp-json\/wp\/v2\/media\/7711"}],"wp:attachment":[{"href":"https:\/\/ciezaentumano.com\/en\/wp-json\/wp\/v2\/media?parent=7710"}],"wp:term":[{"taxonomy":"category","embeddable":true,"href":"https:\/\/ciezaentumano.com\/en\/wp-json\/wp\/v2\/categories?post=7710"},{"taxonomy":"post_tag","embeddable":true,"href":"https:\/\/ciezaentumano.com\/en\/wp-json\/wp\/v2\/tags?post=7710"}],"curies":[{"name":"wp","href":"https:\/\/api.w.org\/{rel}","templated":true}]}}