{"id":8037,"date":"2020-04-18T21:16:29","date_gmt":"2020-04-18T19:16:29","guid":{"rendered":"https:\/\/ciezaentumano.com\/?p=8037"},"modified":"2020-04-18T22:11:47","modified_gmt":"2020-04-18T20:11:47","slug":"comision-fiestas-escudo-invasion-organiza-semana-actividades-redes-sociales","status":"publish","type":"post","link":"https:\/\/ciezaentumano.com\/en\/comision-fiestas-escudo-invasion-organiza-semana-actividades-redes-sociales\/","title":{"rendered":"The &quot;La Invasi\u00f3n&quot; Coat of Arms Festival Committee is organizing a week of social media activities."},"content":{"rendered":"<p>This year 2020, for the festival participants of the Shield Festival <em>The Invasion<\/em> It came to a screeching halt for the reasons announced on March 16th, when the Shield Festival was suspended for this year. But they couldn&#039;t leave it at that.<\/p>\n<p>What motivates this group of people from Cieza is their heart and enthusiasm for this magical and special week. On the 17th, they announced a program of activities on their social media. These activities aim to bring a smile to people&#039;s faces and offer a brief respite from the daily grind that grips our country these days.<\/p>\n<p>These activities, which are aimed not only at festival participants but at any resident of Cieza who wishes to take part, are intended to reconnect them with the sense of brotherhood, family, and friendship that permeates the Fiestas del Escudo (Shield Festival). <em>The Invasion<\/em>.<\/p>\n<p>Many collaborators have wanted to join in some way this different week of the Shield Festival, among them the Musical Group <em>We&#039;re in no hurry <\/em>and the <em>Maria Lucas Professional Dance Studio<\/em>In addition, the festival organizers have very gladly contributed their bit and will make these unusual Shield Festivals something special for everyone.<\/p>\n<p>There will be cultural activities, crafts for children, storytelling sessions, and sports. And they will be broadcasting on social media so that everyone in Cieza can join in this very different, but special, week.<\/p>\n<p>With the #LasFiestasDelEscudoEnCasa and through their social media, follow each activity and participate with them.<\/p>\n<p>&nbsp;<\/p>\n<p><img loading=\"lazy\" decoding=\"async\" class=\"aligncenter size-large wp-image-8038\" src=\"https:\/\/ciezaentumano.com\/wp-content\/uploads\/2020\/04\/calendario-actividades-Fiestas-del-Escudo-Cieza.-724x1024.jpg\" alt=\"\" width=\"724\" height=\"1024\" srcset=\"https:\/\/ciezaentumano.com\/wp-content\/uploads\/2020\/04\/calendario-actividades-Fiestas-del-Escudo-Cieza.-724x1024.jpg 724w, https:\/\/ciezaentumano.com\/wp-content\/uploads\/2020\/04\/calendario-actividades-Fiestas-del-Escudo-Cieza.-212x300.jpg 212w, https:\/\/ciezaentumano.com\/wp-content\/uploads\/2020\/04\/calendario-actividades-Fiestas-del-Escudo-Cieza.-768x1086.jpg 768w, https:\/\/ciezaentumano.com\/wp-content\/uploads\/2020\/04\/calendario-actividades-Fiestas-del-Escudo-Cieza.-1080x1528.jpg 1080w, https:\/\/ciezaentumano.com\/wp-content\/uploads\/2020\/04\/calendario-actividades-Fiestas-del-Escudo-Cieza..jpg 1131w\" sizes=\"(max-width: 724px) 100vw, 724px\" \/><\/p>","protected":false},"excerpt":{"rendered":"<p>Este a\u00f1o 2020, para las festeras y festeros de las Fiestas del Escudo La Invasi\u00f3n se ha parado en seco por los motivos que anunciaban el pasado 16 de marzo donde las Fiestas del Escudo quedaban suspendidas para este a\u00f1o. Pero esto no pod\u00edan dejarlo aqu\u00ed. Si algo mueve a este grupo de ciezanos y [&hellip;]<\/p>","protected":false},"author":1,"featured_media":8038,"comment_status":"open","ping_status":"closed","sticky":false,"template":"","format":"standard","meta":{"_et_pb_use_builder":"","_et_pb_old_content":"","_et_gb_content_width":"","footnotes":""},"categories":[2],"tags":[],"amp_enabled":true,"_links":{"self":[{"href":"https:\/\/ciezaentumano.com\/en\/wp-json\/wp\/v2\/posts\/8037"}],"collection":[{"href":"https:\/\/ciezaentumano.com\/en\/wp-json\/wp\/v2\/posts"}],"about":[{"href":"https:\/\/ciezaentumano.com\/en\/wp-json\/wp\/v2\/types\/post"}],"author":[{"embeddable":true,"href":"https:\/\/ciezaentumano.com\/en\/wp-json\/wp\/v2\/users\/1"}],"replies":[{"embeddable":true,"href":"https:\/\/ciezaentumano.com\/en\/wp-json\/wp\/v2\/comments?post=8037"}],"version-history":[{"count":3,"href":"https:\/\/ciezaentumano.com\/en\/wp-json\/wp\/v2\/posts\/8037\/revisions"}],"predecessor-version":[{"id":8041,"href":"https:\/\/ciezaentumano.com\/en\/wp-json\/wp\/v2\/posts\/8037\/revisions\/8041"}],"wp:featuredmedia":[{"embeddable":true,"href":"https:\/\/ciezaentumano.com\/en\/wp-json\/wp\/v2\/media\/8038"}],"wp:attachment":[{"href":"https:\/\/ciezaentumano.com\/en\/wp-json\/wp\/v2\/media?parent=8037"}],"wp:term":[{"taxonomy":"category","embeddable":true,"href":"https:\/\/ciezaentumano.com\/en\/wp-json\/wp\/v2\/categories?post=8037"},{"taxonomy":"post_tag","embeddable":true,"href":"https:\/\/ciezaentumano.com\/en\/wp-json\/wp\/v2\/tags?post=8037"}],"curies":[{"name":"wp","href":"https:\/\/api.w.org\/{rel}","templated":true}]}}