{"id":8143,"date":"2020-05-13T00:15:03","date_gmt":"2020-05-12T22:15:03","guid":{"rendered":"https:\/\/ciezaentumano.com\/?p=8143"},"modified":"2020-07-12T23:07:54","modified_gmt":"2020-07-12T21:07:54","slug":"nace-proyecto-riada-fest-conocer-cultura-musical-municipio","status":"publish","type":"post","link":"https:\/\/ciezaentumano.com\/en\/nace-proyecto-riada-fest-conocer-cultura-musical-municipio\/","title":{"rendered":"The RIADA FEST project is born to promote the municipality&#039;s musical culture."},"content":{"rendered":"<p><b>It will take place virtually from May 25 to June 20, 2020<\/b><\/p>\n<p>The new RIADA FEST project was created to showcase the musical culture of the municipality, becoming the first festival dedicated to the performance and dissemination of music by professionals from Cieza or those with ties to the municipality. To achieve this, the organizers state that they want to go beyond simply staging performances, offering diverse content such as presentations and interviews with the musicians, in addition to the concerts themselves. However, they clarify that &quot;participants don&#039;t have to be performers. We have two profiles: the performative and the theoretical\/educational, in which musicologists, educators, conductors, or composers propose a talk or presentation on some aspect of their specialty.&quot; As the organizers affirm, &quot;Music encompasses different specialties and professions, as well as career paths, and one of our objectives is to highlight the value of all of them.&quot;<\/p>\n<p>The initiative is aimed at all musicians in Cieza, regardless of age, whether they are performers, musicologists, or teachers, among others, but who are dedicated to music. Regarding the second aspect, the theoretical-educational one, &quot;we are open to any well-founded proposal for a talk or lecture.&quot; Furthermore, anyone who can demonstrate a musical connection to Cieza is also welcome. &quot;For example, people who have trained at the conservatory, who have belonged to local musical groups, teachers at the music school, etc.,&quot; the organizers add.<\/p>\n<p>The organizers remind everyone that the registration deadline is Sunday the 17th and that they are individually reviewing the applications they receive to provide as much support as possible to candidates, thus facilitating the participation of as many musicians as possible. They add that &quot;the goal of the festival is to become an annual event, providing a platform for visibility and opportunities for musicians.&quot;<\/p>\n<p>They remind everyone that the rules and registration form, as well as any other information, are available on their website www.riadafest.com and on their social media profiles, which you can find as @riadafest. You can use these to contact the organizers, in addition to the email address riadafest@gmail.com. The Riada Fest 2020 team encourages you to participate and stay tuned for updates.<\/p>","protected":false},"excerpt":{"rendered":"<p>Tendr\u00e1 lugar del 25 de mayo al 20 de junio de 2020, de manera virtual El nuevo proyecto RIADA FEST nace para dar a conocer la cultura musical del municipio, convirti\u00e9ndose en el primer festival de interpretaci\u00f3n y divulgaci\u00f3n de profesionales de la m\u00fasica de Cieza, o relacionados con el municipio. Para conseguirlo, desde la [&hellip;]<\/p>","protected":false},"author":1,"featured_media":8144,"comment_status":"open","ping_status":"closed","sticky":false,"template":"","format":"standard","meta":{"_et_pb_use_builder":"","_et_pb_old_content":"","_et_gb_content_width":"","footnotes":""},"categories":[2],"tags":[],"amp_enabled":true,"_links":{"self":[{"href":"https:\/\/ciezaentumano.com\/en\/wp-json\/wp\/v2\/posts\/8143"}],"collection":[{"href":"https:\/\/ciezaentumano.com\/en\/wp-json\/wp\/v2\/posts"}],"about":[{"href":"https:\/\/ciezaentumano.com\/en\/wp-json\/wp\/v2\/types\/post"}],"author":[{"embeddable":true,"href":"https:\/\/ciezaentumano.com\/en\/wp-json\/wp\/v2\/users\/1"}],"replies":[{"embeddable":true,"href":"https:\/\/ciezaentumano.com\/en\/wp-json\/wp\/v2\/comments?post=8143"}],"version-history":[{"count":1,"href":"https:\/\/ciezaentumano.com\/en\/wp-json\/wp\/v2\/posts\/8143\/revisions"}],"predecessor-version":[{"id":8145,"href":"https:\/\/ciezaentumano.com\/en\/wp-json\/wp\/v2\/posts\/8143\/revisions\/8145"}],"wp:featuredmedia":[{"embeddable":true,"href":"https:\/\/ciezaentumano.com\/en\/wp-json\/wp\/v2\/media\/8144"}],"wp:attachment":[{"href":"https:\/\/ciezaentumano.com\/en\/wp-json\/wp\/v2\/media?parent=8143"}],"wp:term":[{"taxonomy":"category","embeddable":true,"href":"https:\/\/ciezaentumano.com\/en\/wp-json\/wp\/v2\/categories?post=8143"},{"taxonomy":"post_tag","embeddable":true,"href":"https:\/\/ciezaentumano.com\/en\/wp-json\/wp\/v2\/tags?post=8143"}],"curies":[{"name":"wp","href":"https:\/\/api.w.org\/{rel}","templated":true}]}}