{"id":8433,"date":"2020-08-18T23:51:50","date_gmt":"2020-08-18T21:51:50","guid":{"rendered":"https:\/\/ciezaentumano.com\/?p=8433"},"modified":"2020-09-25T01:06:13","modified_gmt":"2020-09-24T23:06:13","slug":"inauguracion-de-la-exposicion-confinados-de-47-artistas-de-miembros-de-la-asociacion-artistas-de-cieza","status":"publish","type":"post","link":"https:\/\/ciezaentumano.com\/en\/inauguracion-de-la-exposicion-confinados-de-47-artistas-de-miembros-de-la-asociacion-artistas-de-cieza\/","title":{"rendered":"Opening of the exhibition &quot;CONFINED&quot; by 47 artists from the Cieza Artists Association"},"content":{"rendered":"<p>The opening of the exhibition &quot;CONFINED&quot; by 47 artists from the Cieza Artists Association is taking place at the Siy\u00e2sa Museum:<\/p>\n<p>1. Flattery.<\/p>\n<p>2. Antonio Moreno Mar\u00edn.<\/p>\n<p>3. Isabel Rodr\u00edguez<\/p>\n<p>4. Aurora Montoya Lozano<\/p>\n<p>5. Ernesto Gil Mar\u00edn.<\/p>\n<p>6. Jos\u00e9 Luis Rojas<\/p>\n<p>7. Antonio Ortega<\/p>\n<p>8. Maria Sal<\/p>\n<p>9. Ana Tudela<\/p>\n<p>10. Ana Buitrago<\/p>\n<p>11. Felisa G\u00f3mez Santos<\/p>\n<p>12. Lorena Mart\u00ednez<\/p>\n<p>13. S\u00e1nchez Dato<\/p>\n<p>14. Marga Manzano<\/p>\n<p>15. Pedro S\u00e1nchez<\/p>\n<p>16. Vanessa Rojas Camacho<\/p>\n<p>17. Jos\u00e9 Alejandro Verdejo<\/p>\n<p>18. Buitrago Puche<\/p>\n<p>19. Mariano Rojas Mar\u00edn<\/p>\n<p>20. Ana Guirao S\u00e1nchez<\/p>\n<p>21. Manuel L\u00f3pez<\/p>\n<p>22. Jos\u00e9 Ato<\/p>\n<p>23. J. de Patarato<\/p>\n<p>24. Pascual Lucas Motell\u00f3n<\/p>\n<p>25. \u00c1ngeles S\u00e1ez<\/p>\n<p>26. Savaz<\/p>\n<p>27. Jos\u00e9 V\u00edctor Villalba<\/p>\n<p>28. Paco Mas<\/p>\n<p>29. Andr\u00e9s L\u00f3pez<\/p>\n<p>30. Tete Lukas<\/p>\n<p>31. Mar\u00eda Bernal<\/p>\n<p>32. Jos\u00e9 Antonio Hell\u00edn<\/p>\n<p>33. Miriam Mart\u00ednez Abell\u00e1n<\/p>\n<p>34. Pedro Camacho &amp; SUPERARTE SA<\/p>\n<p>35. Ana Almela Lucas<\/p>\n<p>36. Rosa Campos<\/p>\n<p>37. Jos\u00e9 Antonio Lucas<\/p>\n<p>38. Antonia Fern\u00e1ndez<\/p>\n<p>39. Jesus Moreno<\/p>\n<p>40. Antonio Mart\u00ednez Villa<\/p>\n<p>41. Fields<\/p>\n<p>42. Juan Bautista Fern\u00e1ndez<\/p>\n<p>43. Carlos Jes\u00fas Saor\u00edn S\u00e1nchez<\/p>\n<p>44 Valeria Mart\u00ednez<\/p>\n<p>45 Rafael Torres<\/p>\n<p>46 Pedro Antonio Mar\u00edn Penalva<\/p>\n<p>47 Fernando Puche<\/p>\n<p>The exhibition will be shown in the following spaces of the Siy\u00e2sa Museum:<\/p>\n<p>1. Room the Fish Tank<\/p>\n<p>2. Andalusian houses of Siy\u00e2sa inside the museum.<\/p>\n<p>3. Level 0 Room.<\/p>\n<p>Visitor groups on that day will be limited to 30 people, and each group will remain in each room for only 10 minutes for the safety of visitors.<\/p>\n<p>All groups will enter, in shifts, through the museum entrance on San Sebasti\u00e1n Street, and exit through the museum entrance on Hontana Street.<\/p>\n<p><strong>The programming schedule will be as follows:<\/strong><\/p>\n<p><strong>8 p.m.:<\/strong> Pre-inaugural ceremony on the outdoor terrace of the Municipal Library (Corner of the Convent). This was followed by the presentation of a commemorative plaque by the Cieza Artists Association to its first Honorary Member: Pedro Avellaneda Ba\u00f1o.<\/p>\n<p><strong>8:40 p.m.:<\/strong> Visit of the first group of 30 visitors to the exhibition at the Siy\u00e2sa Museum<\/p>\n<p><strong>9 p.m.<\/strong> and following:<\/p>\n<p>Entry of other groups of 30 people every 10 minutes to the exhibition.<\/p>\n<p>From August 21st onward, visits will be organized with more flexible schedules while maintaining the safety measures implemented by health authorities due to the current pandemic.<\/p>","protected":false},"excerpt":{"rendered":"<p>Llega la inauguraci\u00f3n de la exposici\u00f3n \u00abCONFINADOS\u00bb, de 47 artistas miembros de la Asociaci\u00f3n Artistas de Cieza, en el Museo de Siy\u00e2sa: 1. Lis\u00f3n. 2. Antonio Moreno Mar\u00edn. 3. Isabel Rodr\u00edguez 4. Aurora Montoya Lozano 5. Ernesto Gil Mar\u00edn. 6. Jos\u00e9 Luis Rojas 7. Antonio Ortega 8. Mar\u00eda Sal 9. Ana Tudela 10. Ana Buitrago [&hellip;]<\/p>","protected":false},"author":1,"featured_media":8434,"comment_status":"open","ping_status":"closed","sticky":false,"template":"","format":"standard","meta":{"_et_pb_use_builder":"","_et_pb_old_content":"","_et_gb_content_width":"","footnotes":""},"categories":[2],"tags":[],"amp_enabled":true,"_links":{"self":[{"href":"https:\/\/ciezaentumano.com\/en\/wp-json\/wp\/v2\/posts\/8433"}],"collection":[{"href":"https:\/\/ciezaentumano.com\/en\/wp-json\/wp\/v2\/posts"}],"about":[{"href":"https:\/\/ciezaentumano.com\/en\/wp-json\/wp\/v2\/types\/post"}],"author":[{"embeddable":true,"href":"https:\/\/ciezaentumano.com\/en\/wp-json\/wp\/v2\/users\/1"}],"replies":[{"embeddable":true,"href":"https:\/\/ciezaentumano.com\/en\/wp-json\/wp\/v2\/comments?post=8433"}],"version-history":[{"count":3,"href":"https:\/\/ciezaentumano.com\/en\/wp-json\/wp\/v2\/posts\/8433\/revisions"}],"predecessor-version":[{"id":8437,"href":"https:\/\/ciezaentumano.com\/en\/wp-json\/wp\/v2\/posts\/8433\/revisions\/8437"}],"wp:featuredmedia":[{"embeddable":true,"href":"https:\/\/ciezaentumano.com\/en\/wp-json\/wp\/v2\/media\/8434"}],"wp:attachment":[{"href":"https:\/\/ciezaentumano.com\/en\/wp-json\/wp\/v2\/media?parent=8433"}],"wp:term":[{"taxonomy":"category","embeddable":true,"href":"https:\/\/ciezaentumano.com\/en\/wp-json\/wp\/v2\/categories?post=8433"},{"taxonomy":"post_tag","embeddable":true,"href":"https:\/\/ciezaentumano.com\/en\/wp-json\/wp\/v2\/tags?post=8433"}],"curies":[{"name":"wp","href":"https:\/\/api.w.org\/{rel}","templated":true}]}}