{"id":8516,"date":"2020-09-13T17:55:18","date_gmt":"2020-09-13T15:55:18","guid":{"rendered":"https:\/\/ciezaentumano.com\/?p=8516"},"modified":"2020-09-14T17:58:14","modified_gmt":"2020-09-14T15:58:14","slug":"zona-exterior-biblioteca-municipal-acogera-presentaciones-cuatro-libros","status":"publish","type":"post","link":"https:\/\/ciezaentumano.com\/en\/zona-exterior-biblioteca-municipal-acogera-presentaciones-cuatro-libros\/","title":{"rendered":"The outdoor area of the municipal library will host the presentations of four books"},"content":{"rendered":"<p align=\"justify\">The first of these literary events will take place next Monday, September 14, at 8:00 p.m. During the event, you will learn about the novel &quot;Maryan de Siy\u00e2sa&quot; (Alfaqueque Ediciones, 2020) by Cieza-born writer Antonio Balsalobre. Balsalobre will be accompanied by Fernando Fern\u00e1ndez, editor, and Alejandro Garc\u00eda, professor of history at the University of Murcia.<\/p>\n<p align=\"justify\">The Padre Salmer\u00f3n Municipal Library has organized the presentation of four books by Cieza authors on the terrace of the former Franciscan convent. This activity, called &quot;Biblioterrace,&quot; will be held outdoors, with mandatory mask-wearing and limited capacity in accordance with the strict safety measures implemented by health authorities.<\/p>\n<p align=\"justify\">The second initiative will take place on Wednesday, September 16, also at the same time. This time, the focus will be on a biography titled &quot;Juan el Toleja, an Unrepeatable Man,&quot; written by the author himself.<\/p>\n<p align=\"justify\">&#039;And from there, you will see the world&#039; is the title of To\u00f1i Benedicto&#039;s book, which will be presented on September 25.<\/p>\n<p align=\"justify\">On October 9, at 8:00 p.m., this series of literary presentations will conclude with &quot;A manos de la tierra&quot; and &quot;Para Elisa,&quot; both by Mari Carmen Ruiz Bernal.<\/p>","protected":false},"excerpt":{"rendered":"<p>La primera de estas citas literarias tendr\u00e1 lugar el pr\u00f3ximo lunes, 14 de septiembre, a las 20.00 horas. Durante la misma se podr\u00e1n conocer los detalles de la novela &#8216;Maryan de Siy\u00e2sa&#8217; (Alfaqueque Ediciones, 2020) del escritor ciezano Antonio Balsalobre, quien estar\u00e1 acompa\u00f1ado por Fernando Fern\u00e1ndez, editor, y Alejandro Garc\u00eda, profesor de Historia de la [&hellip;]<\/p>","protected":false},"author":1,"featured_media":8517,"comment_status":"open","ping_status":"closed","sticky":false,"template":"","format":"standard","meta":{"_et_pb_use_builder":"","_et_pb_old_content":"","_et_gb_content_width":"","footnotes":""},"categories":[2],"tags":[],"amp_enabled":true,"_links":{"self":[{"href":"https:\/\/ciezaentumano.com\/en\/wp-json\/wp\/v2\/posts\/8516"}],"collection":[{"href":"https:\/\/ciezaentumano.com\/en\/wp-json\/wp\/v2\/posts"}],"about":[{"href":"https:\/\/ciezaentumano.com\/en\/wp-json\/wp\/v2\/types\/post"}],"author":[{"embeddable":true,"href":"https:\/\/ciezaentumano.com\/en\/wp-json\/wp\/v2\/users\/1"}],"replies":[{"embeddable":true,"href":"https:\/\/ciezaentumano.com\/en\/wp-json\/wp\/v2\/comments?post=8516"}],"version-history":[{"count":1,"href":"https:\/\/ciezaentumano.com\/en\/wp-json\/wp\/v2\/posts\/8516\/revisions"}],"predecessor-version":[{"id":8518,"href":"https:\/\/ciezaentumano.com\/en\/wp-json\/wp\/v2\/posts\/8516\/revisions\/8518"}],"wp:featuredmedia":[{"embeddable":true,"href":"https:\/\/ciezaentumano.com\/en\/wp-json\/wp\/v2\/media\/8517"}],"wp:attachment":[{"href":"https:\/\/ciezaentumano.com\/en\/wp-json\/wp\/v2\/media?parent=8516"}],"wp:term":[{"taxonomy":"category","embeddable":true,"href":"https:\/\/ciezaentumano.com\/en\/wp-json\/wp\/v2\/categories?post=8516"},{"taxonomy":"post_tag","embeddable":true,"href":"https:\/\/ciezaentumano.com\/en\/wp-json\/wp\/v2\/tags?post=8516"}],"curies":[{"name":"wp","href":"https:\/\/api.w.org\/{rel}","templated":true}]}}