{"id":8577,"date":"2020-10-01T12:54:50","date_gmt":"2020-10-01T10:54:50","guid":{"rendered":"https:\/\/ciezaentumano.com\/?p=8577"},"modified":"2020-10-03T13:00:39","modified_gmt":"2020-10-03T11:00:39","slug":"galeria-efe-serrano-cieza-inaugura-sabado-exposicion-jose-maria-lison","status":"publish","type":"post","link":"https:\/\/ciezaentumano.com\/en\/galeria-efe-serrano-cieza-inaugura-sabado-exposicion-jose-maria-lison\/","title":{"rendered":"The eFe Serrano de Cieza Gallery inaugurates this Saturday the 3rd the exhibition of Jos\u00e9 Mar\u00eda Lis\u00f3n"},"content":{"rendered":"<div>The Gallery and<b>F<\/b>and\u00a0<b>S<\/b>Cieza native Jos\u00e9 Mar\u00eda Lis\u00f3n will open his exhibition next Saturday, October 3rd.<\/div>\n<div><\/div>\n<div>\n<div>The event will take place at 8:00 p.m.<\/div>\n<div><\/div>\n<div>The exhibition will remain open until November 1, 2020.<\/div>\n<\/div>","protected":false},"excerpt":{"rendered":"<p>The eFe Serrano Gallery in Cieza will open an exhibition by Cieza-born artist Jos\u00e9 Mar\u00eda Lis\u00f3n next Saturday, October 3rd. The event will take place at 8:00 PM. The exhibition will remain open until November 1, 2020.<\/p>","protected":false},"author":1,"featured_media":8578,"comment_status":"open","ping_status":"closed","sticky":false,"template":"","format":"standard","meta":{"_et_pb_use_builder":"","_et_pb_old_content":"","_et_gb_content_width":"","footnotes":""},"categories":[2],"tags":[],"amp_enabled":true,"_links":{"self":[{"href":"https:\/\/ciezaentumano.com\/en\/wp-json\/wp\/v2\/posts\/8577"}],"collection":[{"href":"https:\/\/ciezaentumano.com\/en\/wp-json\/wp\/v2\/posts"}],"about":[{"href":"https:\/\/ciezaentumano.com\/en\/wp-json\/wp\/v2\/types\/post"}],"author":[{"embeddable":true,"href":"https:\/\/ciezaentumano.com\/en\/wp-json\/wp\/v2\/users\/1"}],"replies":[{"embeddable":true,"href":"https:\/\/ciezaentumano.com\/en\/wp-json\/wp\/v2\/comments?post=8577"}],"version-history":[{"count":1,"href":"https:\/\/ciezaentumano.com\/en\/wp-json\/wp\/v2\/posts\/8577\/revisions"}],"predecessor-version":[{"id":8579,"href":"https:\/\/ciezaentumano.com\/en\/wp-json\/wp\/v2\/posts\/8577\/revisions\/8579"}],"wp:featuredmedia":[{"embeddable":true,"href":"https:\/\/ciezaentumano.com\/en\/wp-json\/wp\/v2\/media\/8578"}],"wp:attachment":[{"href":"https:\/\/ciezaentumano.com\/en\/wp-json\/wp\/v2\/media?parent=8577"}],"wp:term":[{"taxonomy":"category","embeddable":true,"href":"https:\/\/ciezaentumano.com\/en\/wp-json\/wp\/v2\/categories?post=8577"},{"taxonomy":"post_tag","embeddable":true,"href":"https:\/\/ciezaentumano.com\/en\/wp-json\/wp\/v2\/tags?post=8577"}],"curies":[{"name":"wp","href":"https:\/\/api.w.org\/{rel}","templated":true}]}}