{"id":8935,"date":"2021-01-19T01:23:27","date_gmt":"2021-01-19T00:23:27","guid":{"rendered":"https:\/\/ciezaentumano.com\/?p=8935"},"modified":"2021-01-21T01:35:34","modified_gmt":"2021-01-21T00:35:34","slug":"videoconferencia-inventar-futuro-foro-pensamiento-dialogo-cieza-inventar-futuro","status":"publish","type":"post","link":"https:\/\/ciezaentumano.com\/en\/videoconferencia-inventar-futuro-foro-pensamiento-dialogo-cieza-inventar-futuro\/","title":{"rendered":"Videoconference &quot;Inventing the Future&quot; by the Forum for Thought and Dialogue of Cieza"},"content":{"rendered":"<p>Video conference &#039;Inventing the future&#039; by the Cieza Forum for Thought and Dialogue this Thursday, January 21, at 8:00 p.m. by Federico Mayor Zaragoza (United Nations Educational, Scientific and Cultural Organization) Former Director General of UNESCO President of the Culture of Peace Foundation, will be introduced by Federico Mayor Zaragoza.<\/p>\n<p>Director-General of UNESCO from 1987 to 1999. PhD in Pharmacy from the Complutense University of Madrid.<br \/>\nFrom Madrid (1958). Professor of Biochemistry at the Faculty of Pharmacy at the University of Granada and Rector of said University (1963-1972). Professor of Biochemistry at the Autonomous University of Madrid (1973). Co-founder in 1974 of the Severo Ochoa Center for Molecular Biology and its director until 1978. Minister of Education and Science (1981-1982).<\/p>\n<p>He has presided over the Culture of Peace Foundation since 2000. In 2005 he was appointed by the Secretary<br \/>\nUN General, co-chair of the High-Level Group for the Alliance of Civilizations. He chaired the International Commission against the Death Penalty from its creation in 2010 until 2017.<\/p>\n<p>He is a member of multiple national and international organizations, academies and associations, including: the Spanish Society of Biochemistry, the American Association for the Advancement of Science, the Biochemical Society of the United Kingdom, etc.<\/p>\n<p>He has received decorations and distinctions from different countries and has been named Doctor Honoris<br \/>\nHe has been a professor at numerous national and international universities. In 2007, he was awarded the Mare Terra recognition at the ONES Mediterr\u00e1nea Awards for his work in the fight for equality, social justice, and environmental protection.<\/p>\n<p>SPEAKER<\/p>\n<p>Jos\u00e9 Antonio Lozano Teruel<\/p>\n<p>Rector of the University of Murcia (1980-1984)<br \/>\nProfessor of Biochemistry and Molecular Biology<br \/>\nA new chapter is being written in the history of humanity, and in particular, of the<br \/>\nOur species&#039; relationship with planet Earth. We are acquiring a different appreciation<br \/>\nof the temporal rhythm of history, in a rapid sequence of political and social events,<br \/>\ncultural and environmental factors that have changed our perception of ourselves<br \/>\nas individuals and as members of the community, which poses a challenge to our ability<br \/>\nto manage global trends.<\/p>\n<p>It is now that the phrase with which the Letter begins acquires its full meaning.<br \/>\nThe United Nations, established in 1945: &quot;We the peoples\u2026&quot;, because it has been achieved<br \/>\nwidespread awareness of the equal dignity of all human beings, whatever they may be<br \/>\nThe difference between them\u2026All equal without discrimination or exclusion of any kind.<br \/>\nIt&#039;s time for action. We can&#039;t wait any longer; history and the consequences of our actions will be revealed.<br \/>\nOur actions as a species reach us and even surpass us; to remain mere spectators<br \/>\ndistracted, impassive, fixated on completely trivial matters,<br \/>\nIt inevitably leads us to unmitigated disaster; nor can we allow that<br \/>\nimmense media power replaces reason with emotion and closes our eyes to<br \/>\nWhat is happening now, what is about to happen. The media are<br \/>\nparticularly influential, and it is imperative to curb the excess of fake news that<br \/>\nThey broadcast, sadly transformed into &quot;the voice of their master,&quot; the megaphone of whoever pays them.<\/p>\n<p>We must react firmly; we must keep our distinctive abilities firmly in mind.<br \/>\nof the human species: to think, to imagine, to anticipate, to innovate\u2026 to create! Every human being is capable<br \/>\nto create, to direct one&#039;s own life with meaning, to build a future for everyone, is<br \/>\nour hope.<\/p>\n<p>And there will be no hope or future if we do not achieve the immediate implementation of the<br \/>\nThe 2030 Agenda for Sustainable Development, which in reality constitutes a new vision of<br \/>\nworld. And for that, it is essential that young people become aware of the wonder it represents<br \/>\nThe improbable nature of human life. All different, yet equal. We cannot be isolationists.<br \/>\nwhen we need to act together more than ever, because we all live in the<br \/>\nsame world and we cannot isolate ourselves from it.<\/p>\n<p>In conclusion, the new era will not wait until humanity is ready to act<br \/>\nin the face of global threats. If humanity wants to have a future, it must anticipate<br \/>\nto them and act accordingly.<\/p>\n<p>Let no one say it is impossible. The great responsibility of all beings today<br \/>\nFor humans, it is to demonstrate to future generations that they were able to rise to the occasion.<br \/>\ntheir astonishing intellectual faculties. That they were able to create, to offer them a<br \/>\na future to live in.<br \/>\n&quot;Inventing the future&quot;<\/p>\n<p>In collaboration with the University of Murcia<\/p>\n<p>It will take place online in the &quot;ZOOM room&quot;<br \/>\nFree access via the following link:<br \/>\nhttps:\/\/umurcia.zoom.us\/j\/98375011328<\/p>\n<p>&nbsp;<\/p>\n<p><img loading=\"lazy\" decoding=\"async\" class=\"aligncenter size-large wp-image-8937\" src=\"https:\/\/ciezaentumano.com\/wp-content\/uploads\/2021\/01\/Folleto-Videoconferencia-Inventar-el-futuro-1024x539.jpg\" alt=\"\" width=\"1024\" height=\"539\" srcset=\"https:\/\/ciezaentumano.com\/wp-content\/uploads\/2021\/01\/Folleto-Videoconferencia-Inventar-el-futuro-1024x539.jpg 1024w, https:\/\/ciezaentumano.com\/wp-content\/uploads\/2021\/01\/Folleto-Videoconferencia-Inventar-el-futuro-300x158.jpg 300w, https:\/\/ciezaentumano.com\/wp-content\/uploads\/2021\/01\/Folleto-Videoconferencia-Inventar-el-futuro-768x404.jpg 768w, https:\/\/ciezaentumano.com\/wp-content\/uploads\/2021\/01\/Folleto-Videoconferencia-Inventar-el-futuro-1080x569.jpg 1080w, https:\/\/ciezaentumano.com\/wp-content\/uploads\/2021\/01\/Folleto-Videoconferencia-Inventar-el-futuro.jpg 1136w\" sizes=\"(max-width: 1024px) 100vw, 1024px\" \/><\/p>","protected":false},"excerpt":{"rendered":"<p>V\u00eddeoconferencia &#8216;Inventar el futuro&#8217; por el Foro por el Pensamiento y el Di\u00e1logo de Cieza este jueves 21 de enero, a las 20:00 h. a cargo de Federico Mayor Zaragoza (Organizaci\u00f3n de las Naciones Unidas para la Educaci\u00f3n, la Ciencia y la Cultura) Ex-Director General de la UNESCO Presidente de la Fundaci\u00f3n Cultura de Paz, [&hellip;]<\/p>","protected":false},"author":1,"featured_media":8937,"comment_status":"open","ping_status":"closed","sticky":false,"template":"","format":"standard","meta":{"_et_pb_use_builder":"","_et_pb_old_content":"","_et_gb_content_width":"","footnotes":""},"categories":[2],"tags":[],"amp_enabled":true,"_links":{"self":[{"href":"https:\/\/ciezaentumano.com\/en\/wp-json\/wp\/v2\/posts\/8935"}],"collection":[{"href":"https:\/\/ciezaentumano.com\/en\/wp-json\/wp\/v2\/posts"}],"about":[{"href":"https:\/\/ciezaentumano.com\/en\/wp-json\/wp\/v2\/types\/post"}],"author":[{"embeddable":true,"href":"https:\/\/ciezaentumano.com\/en\/wp-json\/wp\/v2\/users\/1"}],"replies":[{"embeddable":true,"href":"https:\/\/ciezaentumano.com\/en\/wp-json\/wp\/v2\/comments?post=8935"}],"version-history":[{"count":3,"href":"https:\/\/ciezaentumano.com\/en\/wp-json\/wp\/v2\/posts\/8935\/revisions"}],"predecessor-version":[{"id":8940,"href":"https:\/\/ciezaentumano.com\/en\/wp-json\/wp\/v2\/posts\/8935\/revisions\/8940"}],"wp:featuredmedia":[{"embeddable":true,"href":"https:\/\/ciezaentumano.com\/en\/wp-json\/wp\/v2\/media\/8937"}],"wp:attachment":[{"href":"https:\/\/ciezaentumano.com\/en\/wp-json\/wp\/v2\/media?parent=8935"}],"wp:term":[{"taxonomy":"category","embeddable":true,"href":"https:\/\/ciezaentumano.com\/en\/wp-json\/wp\/v2\/categories?post=8935"},{"taxonomy":"post_tag","embeddable":true,"href":"https:\/\/ciezaentumano.com\/en\/wp-json\/wp\/v2\/tags?post=8935"}],"curies":[{"name":"wp","href":"https:\/\/api.w.org\/{rel}","templated":true}]}}