{"id":9026,"date":"2021-02-17T18:19:03","date_gmt":"2021-02-17T17:19:03","guid":{"rendered":"https:\/\/ciezaentumano.com\/?p=9026"},"modified":"2021-03-15T23:51:08","modified_gmt":"2021-03-15T22:51:08","slug":"suspension-sine-die-de-la-presentacion-de-la-semana-santa-de-ceiza-y-de-la-revista-el-anda","status":"publish","type":"post","link":"https:\/\/ciezaentumano.com\/en\/suspension-sine-die-de-la-presentacion-de-la-semana-santa-de-ceiza-y-de-la-revista-el-anda\/","title":{"rendered":"The presentation of Holy Week in Cieza and the magazine &quot;El Anda&quot; have been suspended indefinitely."},"content":{"rendered":"<p>This Saturday, February 20th, the first Saturday of Lent, the traditional presentation of Holy Week in Cieza and the posters that would illustrate the processions in Cieza would take place.<\/p>\n<p>Due to the current health situation, the Board of Passion Brotherhoods has decided to cancel the Mass for the souls of the deceased Brothers of our Holy Week and the subsequent Presentation.<br \/>\nThe presentation of the magazine &quot;El Anda 2021&quot; on March 6 has been suspended indefinitely.<\/p>\n<p>From these lines, we remember that it is still on sale for everyone&#039;s delight.<br \/>\nThe 2020 issue, offering great content for our Holy Week lovers who didn&#039;t get theirs last year due to the home confinement in March and April.<\/p>","protected":false},"excerpt":{"rendered":"<p>Este s\u00e1bado 20 de febrero, primer s\u00e1bado de Cuaresma, tendr\u00eda lugar la ya tradicional Presentaci\u00f3n de la Semana Santa de Cieza y de los carteles que ilustrar\u00edan los desfiles procesionales en Cieza. Debido al actual estado sanitario, la Junta de Hermandades Pasionarias ha decidido suspender sin fecha la misa sufragio por las almas de los [&hellip;]<\/p>","protected":false},"author":1,"featured_media":3064,"comment_status":"open","ping_status":"closed","sticky":false,"template":"","format":"standard","meta":{"_et_pb_use_builder":"","_et_pb_old_content":"","_et_gb_content_width":"","footnotes":""},"categories":[2],"tags":[],"amp_enabled":true,"_links":{"self":[{"href":"https:\/\/ciezaentumano.com\/en\/wp-json\/wp\/v2\/posts\/9026"}],"collection":[{"href":"https:\/\/ciezaentumano.com\/en\/wp-json\/wp\/v2\/posts"}],"about":[{"href":"https:\/\/ciezaentumano.com\/en\/wp-json\/wp\/v2\/types\/post"}],"author":[{"embeddable":true,"href":"https:\/\/ciezaentumano.com\/en\/wp-json\/wp\/v2\/users\/1"}],"replies":[{"embeddable":true,"href":"https:\/\/ciezaentumano.com\/en\/wp-json\/wp\/v2\/comments?post=9026"}],"version-history":[{"count":2,"href":"https:\/\/ciezaentumano.com\/en\/wp-json\/wp\/v2\/posts\/9026\/revisions"}],"predecessor-version":[{"id":9110,"href":"https:\/\/ciezaentumano.com\/en\/wp-json\/wp\/v2\/posts\/9026\/revisions\/9110"}],"wp:featuredmedia":[{"embeddable":true,"href":"https:\/\/ciezaentumano.com\/en\/wp-json\/wp\/v2\/media\/3064"}],"wp:attachment":[{"href":"https:\/\/ciezaentumano.com\/en\/wp-json\/wp\/v2\/media?parent=9026"}],"wp:term":[{"taxonomy":"category","embeddable":true,"href":"https:\/\/ciezaentumano.com\/en\/wp-json\/wp\/v2\/categories?post=9026"},{"taxonomy":"post_tag","embeddable":true,"href":"https:\/\/ciezaentumano.com\/en\/wp-json\/wp\/v2\/tags?post=9026"}],"curies":[{"name":"wp","href":"https:\/\/api.w.org\/{rel}","templated":true}]}}