{"id":9082,"date":"2021-03-10T22:32:21","date_gmt":"2021-03-10T21:32:21","guid":{"rendered":"https:\/\/ciezaentumano.com\/?p=9082"},"modified":"2021-03-11T22:44:21","modified_gmt":"2021-03-11T21:44:21","slug":"presentacion-del-cartel-de-la-semana-santa-de-cieza-2021","status":"publish","type":"post","link":"https:\/\/ciezaentumano.com\/en\/presentacion-del-cartel-de-la-semana-santa-de-cieza-2021\/","title":{"rendered":"Presentation of the Poster for Holy Week in Cieza 2021"},"content":{"rendered":"<h6>\u201cThe image of Christ of the Crowning of Thorns, through the lens of<br \/>\nJos\u00e9 Mar\u00eda C\u00e1mara Salmer\u00f3n stars in the poster with a striking close-up.<br \/>\nfull of dramatic expressiveness.\u201d<\/h6>\n<p>Just as every evening is followed by night and then morning, it is not possible to stop<br \/>\nneither time nor the passing of the seasons. Holy Week arrives in our Cieza, as it has<br \/>\nreached all corners of the world for almost two millennia, above what<br \/>\nthat nature and civilizations had planned for each of those years.<br \/>\nIt arrives now in 2021, and finds us once again entangled with this pandemic, which<br \/>\nSo much suffering is causing the world, which means that, for another year, they will not leave<br \/>\nthe processions, nor will we be able to turn these days into that permanent reunion that<br \/>\nmeans so much in our lives.<\/p>\n<p>But it is still Holy Week, we are in Cieza, and the brothers cannot<br \/>\nlook elsewhere as if these dates, coming without parades, were no longer<br \/>\nwith us. We still have the obligation to announce to the world that we are going to<br \/>\ncommemorate the Passion, Death and Resurrection of Christ, who did not suffer, died and rose again<br \/>\nto give opportunity to the processions, but to give meaning to our happiness already<br \/>\nour pain, to be hope, to fill our existence with meaning.<br \/>\nWe can live the commemoration of these essential days of the History of Salvation<br \/>\nas we would have liked, but that does not mean we abandon our status as members of the brotherhood,<br \/>\nnor are we going to stop reminding the people of Cieza that here, in this town, it is Holy Week<br \/>\nAll year round, as we like to say, it is also Holy Week every year,<br \/>\nalso this one, also 2021.<\/p>\n<p>And that is why the Board of Passion Brotherhoods proudly presents its Poster of<br \/>\nHoly Week 2021, illustrated on this occasion with a splendid photograph of the<br \/>\nChrist of the Coronation of Thorns procession, a magnificent work by Romero Zafra de la<br \/>\nBrotherhood of Jesus of Nazareth. The author of the snapshot, Jos\u00e9 Mar\u00eda C\u00e1mara Salmer\u00f3n,<br \/>\nwho has renewed the role of winner of the Contest that he already achieved in the last edition,<br \/>\nembodies in itself some of the main virtues of the brotherhood of race: illusion,<br \/>\ndesire for improvement, work, perseverance; all of this put at the service of an unquestionable<br \/>\nartistic instinct, and a clamorous mastery of photographic technique. Jos\u00e9 Mar\u00eda<br \/>\nC\u00e1mara has achieved the extremely difficult challenge of reaching the category of the unforgettable poster of<br \/>\nlast year, with the Ecce Homo as the protagonist. Two posters twinned by their<br \/>\nauthor, and by its condition of study, but very different in communication and impact: the<br \/>\nserene and majestic elegance of the work of Gonz\u00e1lez Moreno, which C\u00e1mara Salmer\u00f3n<\/p>\n<p>pushed to the limit with his composition and wise management of light, now leaves<br \/>\nI step into the tearing of the gaze pierced by the pain of this Christ, who questions the<br \/>\nspectator with the undeniable forcefulness of an extreme close-up, underlined by a<br \/>\neven more risky composition and by an intense play of light and shadow to<br \/>\nemphasize the drama.<\/p>\n<p>The result will not only remind the world of the excellence of the imaginary heritage<br \/>\nof our Holy Week, but also invites us to reflect on the Passion, which<br \/>\nChrist voluntarily accepted to become a brother with all humanity in the<br \/>\nsuffering, so that no one could ever feel abandoned by God in the<br \/>\nmisfortune, because He Himself became flesh, suffered the fragility of the flesh, and then<br \/>\nHe defeated death by leaving the tomb empty. We offer this poster to the people of Cieza<br \/>\nknowing that in many homes in our town there is pain for the loss, and there is<br \/>\nUncertainty, and there is fear. And we offer it publicly, as brothers that we are,<br \/>\nthereby giving everything that this condition implies: faith, brotherhood, prayer, penance, and<br \/>\nabove all, hope.<\/p>\n<p>The pandemic will subside, we will hug each other again with our robes on, and we will return<br \/>\nto take the Saints to the streets. But we won&#039;t wait until then to live what we are.<br \/>\nEven if we take off that tunic, we will not stop saying, to the four winds and with everything<br \/>\npride, \u201cthis is Cieza, we are in Holy Week.\u201d<\/p>\n<p>&nbsp;<\/p>\n<div id=\"attachment_9083\" style=\"width: 519px\" class=\"wp-caption aligncenter\"><img loading=\"lazy\" decoding=\"async\" aria-describedby=\"caption-attachment-9083\" class=\"size-full wp-image-9083\" src=\"https:\/\/ciezaentumano.com\/wp-content\/uploads\/2021\/03\/159238146_1642294689289952_6914637924466575391_o.jpg\" alt=\"Cartel de la Semana Santa de Cieza 2021\" width=\"509\" height=\"720\" srcset=\"https:\/\/ciezaentumano.com\/wp-content\/uploads\/2021\/03\/159238146_1642294689289952_6914637924466575391_o.jpg 509w, https:\/\/ciezaentumano.com\/wp-content\/uploads\/2021\/03\/159238146_1642294689289952_6914637924466575391_o-212x300.jpg 212w\" sizes=\"(max-width: 509px) 100vw, 509px\" \/><p id=\"caption-attachment-9083\" class=\"wp-caption-text\">Presentation of the Poster for Holy Week in Cieza 2021<\/p><\/div>\n<p>&nbsp;<\/p>\n<p><iframe loading=\"lazy\" title=\"Promotional video for Holy Week in Cieza 2019\" width=\"1080\" height=\"608\" src=\"https:\/\/www.youtube.com\/embed\/OPxrrXUjApI?list=PLc40g3bOzdl9FnQHju0qPTFPjYz-x2PcF\" frameborder=\"0\" allow=\"accelerometer; autoplay; clipboard-write; encrypted-media; gyroscope; picture-in-picture\" allowfullscreen><\/iframe><\/p>","protected":false},"excerpt":{"rendered":"<p>\u201cLa imagen del Cristo de la Coronaci\u00f3n de Espinas, a trav\u00e9s del objetivo de Jos\u00e9 Mar\u00eda C\u00e1mara Salmer\u00f3n, protagoniza el cartel con un impactante primer plano lleno de expresividad dram\u00e1tica\u201d. Igual que a cada tarde le sigue la noche y luego la ma\u00f1ana, no es posible detener el tiempo ni el paso de las estaciones. [&hellip;]<\/p>","protected":false},"author":1,"featured_media":9083,"comment_status":"open","ping_status":"closed","sticky":false,"template":"","format":"standard","meta":{"_et_pb_use_builder":"","_et_pb_old_content":"","_et_gb_content_width":"","footnotes":""},"categories":[2],"tags":[],"amp_enabled":true,"_links":{"self":[{"href":"https:\/\/ciezaentumano.com\/en\/wp-json\/wp\/v2\/posts\/9082"}],"collection":[{"href":"https:\/\/ciezaentumano.com\/en\/wp-json\/wp\/v2\/posts"}],"about":[{"href":"https:\/\/ciezaentumano.com\/en\/wp-json\/wp\/v2\/types\/post"}],"author":[{"embeddable":true,"href":"https:\/\/ciezaentumano.com\/en\/wp-json\/wp\/v2\/users\/1"}],"replies":[{"embeddable":true,"href":"https:\/\/ciezaentumano.com\/en\/wp-json\/wp\/v2\/comments?post=9082"}],"version-history":[{"count":3,"href":"https:\/\/ciezaentumano.com\/en\/wp-json\/wp\/v2\/posts\/9082\/revisions"}],"predecessor-version":[{"id":9086,"href":"https:\/\/ciezaentumano.com\/en\/wp-json\/wp\/v2\/posts\/9082\/revisions\/9086"}],"wp:featuredmedia":[{"embeddable":true,"href":"https:\/\/ciezaentumano.com\/en\/wp-json\/wp\/v2\/media\/9083"}],"wp:attachment":[{"href":"https:\/\/ciezaentumano.com\/en\/wp-json\/wp\/v2\/media?parent=9082"}],"wp:term":[{"taxonomy":"category","embeddable":true,"href":"https:\/\/ciezaentumano.com\/en\/wp-json\/wp\/v2\/categories?post=9082"},{"taxonomy":"post_tag","embeddable":true,"href":"https:\/\/ciezaentumano.com\/en\/wp-json\/wp\/v2\/tags?post=9082"}],"curies":[{"name":"wp","href":"https:\/\/api.w.org\/{rel}","templated":true}]}}