{"id":9126,"date":"2021-03-25T01:20:35","date_gmt":"2021-03-25T00:20:35","guid":{"rendered":"https:\/\/ciezaentumano.com\/?p=9126"},"modified":"2021-03-26T01:30:48","modified_gmt":"2021-03-26T00:30:48","slug":"via-crucis-del-santisimo-cristo-de-la-sangre-2021","status":"publish","type":"post","link":"https:\/\/ciezaentumano.com\/en\/via-crucis-del-santisimo-cristo-de-la-sangre-2021\/","title":{"rendered":"Way of the Cross of the Most Holy Christ of the Blood 2021"},"content":{"rendered":"<p>The Santa Mar\u00eda Magdalena Brotherhood announces that despite the sadness we feel at not being able to celebrate the procession of the Sant\u00edsimo Cristo de la Sangre for the second consecutive year, we want to keep alive this year the light of hope that a member of the brotherhood should never lose. To this end, we have seen fit to hold our traditional &quot;Via Crucis&quot; inside the Basilica of Our Lady of the Assumption on Holy Monday, March 29, 2021, at 8:00 p.m.<\/p>\n<p>&nbsp;<\/p>\n<p>The event will be subject to the safety measures established by the Basilica of Our Lady of the Assumption (limited capacity, social distancing, hygiene measures, etc.), and all protocols will be suspended. Access control will be established, and once the basilica&#039;s permitted capacity is reached, no one will be allowed to enter until someone leaves.<\/p>\n<p>&nbsp;<\/p>\n<p>So that all those unable to attend can follow the event, it will be broadcast live on the Parish of the Assumption&#039;s YouTube channel, and the link to follow the event will be published on the brotherhood&#039;s social media channels, detailed below:<\/p>\n<ul>\n<li>Instagram: @magdalena_cieza<\/li>\n<li>Facebook: Saint Mary Magdalene<\/li>\n<li>Twitter: @Magdalena_Cieza<\/li>\n<li>YouTube: Saint Mary Magdalene<\/li>\n<\/ul>\n<p>&nbsp;<\/p>\n<p>The &quot;Via Crucis&quot; will be officiated by our countryman <strong>D<\/strong>.<strong>Manuel Verd\u00fa Moreno, <\/strong>Rector of the San Fulgencio Major Seminary and the San Jos\u00e9 Minor Seminary of the Diocese of Cartagena, during the same the following compositions will be performed:<\/p>\n<ul>\n<li>\u201cSaint Mary Magdalene\u201d, by Jos\u00e9 G\u00f3mez Villa (1990).<\/li>\n<li>\u201cJerusalem\u201d, by Jos\u00e9 V\u00e9lez Garc\u00eda (1999).<\/li>\n<li>\u201cMy Bitterness\u201d, by V\u00edctor Manuel Ferrer Castillo (2007).<\/li>\n<li>\u201cPenitent Ciezano\u201d, by Joaqu\u00edn Yelo Fern\u00e1ndez (2017).<\/li>\n<\/ul>\n<p>All of them are arranged by the director and composer from Cieza, <em>Francisco Jos\u00e9 R\u00edos L\u00f3pez<\/em>.<\/p>\n<p>These marches will be performed by the quartet \u201cAndelma\u201d formed by the musicians: first violin- <em>Ivan Bermudez Garcia<\/em>; second violin- <em>Yolanda S\u00e1nchez Lucas<\/em>; viola- <em>Mat\u00edas Mayordomo Mar\u00edn<\/em>; cello-<em>Antonio Francisco Villa Moreno.<\/em><\/p>\n<p><span style=\"color: #333399;\"><strong>Click here to watch the Via Crucis of the Christ of the Blood, and subscribe to our channel so you don&#039;t miss new videos.<\/strong><\/span><\/p>\n<p><iframe loading=\"lazy\" title=\"Holy Monday, Via Crucis of Christ of the Blood, Cieza 03-26-2018\" width=\"1080\" height=\"608\" src=\"https:\/\/www.youtube.com\/embed\/OgGh5Ok-8z8?list=PLc40g3bOzdl82x7V5Uzgd5VSN77Y66ub1\" frameborder=\"0\" allow=\"accelerometer; autoplay; clipboard-write; encrypted-media; gyroscope; picture-in-picture\" allowfullscreen><\/iframe><\/p>\n<p>&nbsp;<\/p>\n<p><img loading=\"lazy\" decoding=\"async\" class=\"aligncenter size-large wp-image-9127\" src=\"https:\/\/ciezaentumano.com\/wp-content\/uploads\/2021\/03\/PORTADA-VIA-CRUCIS-2021-704x1024.jpg\" alt=\"\" width=\"704\" height=\"1024\" srcset=\"https:\/\/ciezaentumano.com\/wp-content\/uploads\/2021\/03\/PORTADA-VIA-CRUCIS-2021-704x1024.jpg 704w, https:\/\/ciezaentumano.com\/wp-content\/uploads\/2021\/03\/PORTADA-VIA-CRUCIS-2021-206x300.jpg 206w, https:\/\/ciezaentumano.com\/wp-content\/uploads\/2021\/03\/PORTADA-VIA-CRUCIS-2021-768x1117.jpg 768w, https:\/\/ciezaentumano.com\/wp-content\/uploads\/2021\/03\/PORTADA-VIA-CRUCIS-2021-1080x1571.jpg 1080w, https:\/\/ciezaentumano.com\/wp-content\/uploads\/2021\/03\/PORTADA-VIA-CRUCIS-2021.jpg 1299w\" sizes=\"(max-width: 704px) 100vw, 704px\" \/><\/p>","protected":false},"excerpt":{"rendered":"<p>Traditional &quot;Stations of the Cross&quot; inside the Basilica of Our Lady of the Assumption on Holy Monday, March 29, 2021, at 8:00 p.m.<\/p>","protected":false},"author":1,"featured_media":9127,"comment_status":"open","ping_status":"closed","sticky":false,"template":"","format":"standard","meta":{"_et_pb_use_builder":"","_et_pb_old_content":"","_et_gb_content_width":"","footnotes":""},"categories":[2],"tags":[],"amp_enabled":true,"_links":{"self":[{"href":"https:\/\/ciezaentumano.com\/en\/wp-json\/wp\/v2\/posts\/9126"}],"collection":[{"href":"https:\/\/ciezaentumano.com\/en\/wp-json\/wp\/v2\/posts"}],"about":[{"href":"https:\/\/ciezaentumano.com\/en\/wp-json\/wp\/v2\/types\/post"}],"author":[{"embeddable":true,"href":"https:\/\/ciezaentumano.com\/en\/wp-json\/wp\/v2\/users\/1"}],"replies":[{"embeddable":true,"href":"https:\/\/ciezaentumano.com\/en\/wp-json\/wp\/v2\/comments?post=9126"}],"version-history":[{"count":1,"href":"https:\/\/ciezaentumano.com\/en\/wp-json\/wp\/v2\/posts\/9126\/revisions"}],"predecessor-version":[{"id":9129,"href":"https:\/\/ciezaentumano.com\/en\/wp-json\/wp\/v2\/posts\/9126\/revisions\/9129"}],"wp:featuredmedia":[{"embeddable":true,"href":"https:\/\/ciezaentumano.com\/en\/wp-json\/wp\/v2\/media\/9127"}],"wp:attachment":[{"href":"https:\/\/ciezaentumano.com\/en\/wp-json\/wp\/v2\/media?parent=9126"}],"wp:term":[{"taxonomy":"category","embeddable":true,"href":"https:\/\/ciezaentumano.com\/en\/wp-json\/wp\/v2\/categories?post=9126"},{"taxonomy":"post_tag","embeddable":true,"href":"https:\/\/ciezaentumano.com\/en\/wp-json\/wp\/v2\/tags?post=9126"}],"curies":[{"name":"wp","href":"https:\/\/api.w.org\/{rel}","templated":true}]}}