{"id":9351,"date":"2021-07-06T01:57:48","date_gmt":"2021-07-05T23:57:48","guid":{"rendered":"https:\/\/ciezaentumano.com\/?p=9351"},"modified":"2021-09-05T01:21:09","modified_gmt":"2021-09-04T23:21:09","slug":"regresan-los-monologos-de-la-hermandad-santa-maria-magdalena","status":"publish","type":"post","link":"https:\/\/ciezaentumano.com\/en\/regresan-los-monologos-de-la-hermandad-santa-maria-magdalena\/","title":{"rendered":"The monologues of the Santa Mar\u00eda Magdalena Brotherhood return"},"content":{"rendered":"<p>Once again this year, the Brotherhood of Santa Mar\u00eda Magdalena is organizing a stand-up comedy show as part of the 2021 Cieza Fair and Festival program. This year, the lineup includes:<\/p>\n<p>&nbsp;<\/p>\n<p><strong>Save Queen,<\/strong> One of the comedians and actors who has gained recognition in recent years, participating in television series such as &quot;All\u00ed abajo,&quot; &quot;Sabuesos,&quot; and &quot;La zona,&quot; and films such as &quot;La isla m\u00ednima,&quot; &quot;Villaviciosa de Al Lado,&quot; and &quot;Se\u00f1or Dame Paciencia,&quot; among others. He has recorded several monologues for Comedy Central and for the program &quot;El Club de la Comedia.&quot; Malaga-born Salva Reina surprises in every show with his high-pitched voice and astonishing mental and verbal agility. He delivers extreme doses of sudden madness that he accompanies with his unique way of dressing. Watching him perform is like enjoying everyday stories with a twist, taken to the extreme, always seeking the audience&#039;s complicity. His monologues energize and improvise on stage, taking on a life of their own to captivate the audience from the moment he takes the microphone.<\/p>\n<p>&nbsp;<\/p>\n<p><strong>Agust\u00edn Dur\u00e1n<\/strong>, has become a viral phenomenon thanks to his La Mancha gags on Facebook, where he has 177,747 followers, and on YouTube with more than 1,839,248 views. With the impact his videos have achieved online, he has even made it to the big screen, with his role in the film &#039;Re-emigrantes&#039;, and he is touring stages all over the country promoting La Mancha humor. Humor runs in his blood, and the comedian has established himself as one of CMM&#039;s featured comedians, with his comedy section on Radio Castilla-La Mancha and starring in the Planeta Tikis Mikis program on regional television. He has become another comedian who champions &quot;La Mancha&#039;s retranca&quot; (the La Mancha reticence), first on social media and now also in live performances. A champion of La Mancha humor, the comedian champions rurality and simplicity. His show &quot;Hola Borreguetes!&quot; It&#039;s a clear example, where he traces his life from the womb to the present day, passing through television, school, and first love... using the piano to sing, make people sing, and reinforce his ideas through songs and laughter! He has recently premiered his new show &quot;Cazafantoches,&quot; which has already been booked for performances throughout Spain.<\/p>\n<p>&nbsp;<\/p>\n<p><strong>Fran Pati,<\/strong> In these times, being fashionable is essential, but Fran Pati doesn&#039;t understand some things, especially when a young man with a peculiar, mischievous, and innocent point of view moves from a village in La Mancha to the capital of Spain. The lifestyles of the modern people who perform in neighborhoods like Malasa\u00f1a make this a contemporary stand-up comedy, especially one that seeks to connect with the audience. The comparisons this comedian from Albacete makes between Madrid and his homeland, or how times have changed since his childhood, make this show a great choice for a humorous audience.<\/p>\n<p>&nbsp;<\/p>\n<p>The show will take place next <strong>Wednesday, August 25, 2021<\/strong>, at <strong>10:30 p.m. <\/strong>In the Gabriel Celaya auditorium in our town, the price of tickets is <strong>15 euros <\/strong>in advance sale and <strong>18 euros <\/strong>at the box office. Tickets are now on sale at <a href=\"http:\/\/www.compralaentrada.com\" target=\"_blank\" rel=\"noopener\"><strong>www<\/strong><\/a><a href=\"http:\/\/www.compralaentrada.com\" target=\"_blank\" rel=\"noopener\"><strong>.buyticket.com<\/strong><\/a><strong> , in preventive insurance and in the Santa Mar\u00eda Magdalena Brotherhood.<\/strong><\/p>\n<p>&nbsp;<\/p>\n<p>Collaborating in the organization of this show are <strong>The Excellent City Council of Cieza and Miguel Mar\u00edn Julia, SL (integrated motor center).<\/strong><\/p>","protected":false},"excerpt":{"rendered":"<p>Un a\u00f1o m\u00e1s la Hermandad de Santa Mar\u00eda Magdalena organiza un espect\u00e1culo de mon\u00f3logos dentro de la programaci\u00f3n de la Feria y Fiestas de Cieza 2021, este a\u00f1o la terna est\u00e1 compuesta por: &nbsp; Salva Reina, uno de los c\u00f3micos y actores que m\u00e1s se han dado a conocer en los \u00faltimos a\u00f1os participando en [&hellip;]<\/p>","protected":false},"author":1,"featured_media":9352,"comment_status":"open","ping_status":"closed","sticky":false,"template":"","format":"standard","meta":{"_et_pb_use_builder":"","_et_pb_old_content":"","_et_gb_content_width":"","footnotes":""},"categories":[2],"tags":[],"amp_enabled":true,"_links":{"self":[{"href":"https:\/\/ciezaentumano.com\/en\/wp-json\/wp\/v2\/posts\/9351"}],"collection":[{"href":"https:\/\/ciezaentumano.com\/en\/wp-json\/wp\/v2\/posts"}],"about":[{"href":"https:\/\/ciezaentumano.com\/en\/wp-json\/wp\/v2\/types\/post"}],"author":[{"embeddable":true,"href":"https:\/\/ciezaentumano.com\/en\/wp-json\/wp\/v2\/users\/1"}],"replies":[{"embeddable":true,"href":"https:\/\/ciezaentumano.com\/en\/wp-json\/wp\/v2\/comments?post=9351"}],"version-history":[{"count":3,"href":"https:\/\/ciezaentumano.com\/en\/wp-json\/wp\/v2\/posts\/9351\/revisions"}],"predecessor-version":[{"id":9355,"href":"https:\/\/ciezaentumano.com\/en\/wp-json\/wp\/v2\/posts\/9351\/revisions\/9355"}],"wp:featuredmedia":[{"embeddable":true,"href":"https:\/\/ciezaentumano.com\/en\/wp-json\/wp\/v2\/media\/9352"}],"wp:attachment":[{"href":"https:\/\/ciezaentumano.com\/en\/wp-json\/wp\/v2\/media?parent=9351"}],"wp:term":[{"taxonomy":"category","embeddable":true,"href":"https:\/\/ciezaentumano.com\/en\/wp-json\/wp\/v2\/categories?post=9351"},{"taxonomy":"post_tag","embeddable":true,"href":"https:\/\/ciezaentumano.com\/en\/wp-json\/wp\/v2\/tags?post=9351"}],"curies":[{"name":"wp","href":"https:\/\/api.w.org\/{rel}","templated":true}]}}