{"id":9516,"date":"2021-11-17T08:44:52","date_gmt":"2021-11-17T07:44:52","guid":{"rendered":"https:\/\/ciezaentumano.com\/?p=9516"},"modified":"2022-01-13T00:08:05","modified_gmt":"2022-01-12T23:08:05","slug":"en-marcha-la-san-silvestre-cieza-2021","status":"publish","type":"post","link":"https:\/\/ciezaentumano.com\/en\/en-marcha-la-san-silvestre-cieza-2021\/","title":{"rendered":"The San Silvestre Cieza 2021 race is underway for a good cause."},"content":{"rendered":"<div dir=\"auto\">\n<div dir=\"auto\">As every year, the Brotherhood of Santa Ver\u00f3nica organizes a new edition of the San Silvestre, &quot;city of Cieza&quot; 2021<\/div>\n<\/div>\n<div dir=\"auto\"><\/div>\n<div dir=\"auto\">.<\/div>\n<div dir=\"auto\">\n<div dir=\"auto\">This year, the euro raised from this race and any other donations will go toward the treatment of little Marco, a child suffering from mitochondrial disease.<\/div>\n<\/div>\n<div dir=\"auto\"><\/div>\n<div dir=\"auto\">.<\/div>\n<div dir=\"auto\">\n<div dir=\"auto\">Years ago, the people of Cieza dedicated themselves to the Mitocure project for research. Now, thanks to these studies, the Brotherhood is collaborating on its treatment.<\/div>\n<div dir=\"auto\"><\/div>\n<div dir=\"auto\">.<\/div>\n<div dir=\"auto\">Registration is now open, and this year there are three collaboration options:<br \/>\na) \u20ac11 (10 + 1)<br \/>\nb) \u20ac13 (10 + 3)<br \/>\nc) \u20ac15 (10 + 5)<\/div>\n<div dir=\"auto\">.<\/div>\n<div dir=\"auto\">As you know, this year it&#039;s &quot;All with Marco.&quot;<\/div>\n<\/div>\n<div dir=\"auto\">.<\/div>\n<div dir=\"auto\"><\/div>\n<div dir=\"auto\">\n<div dir=\"auto\">You can register through the link: https:\/\/www.alcanzatumeta.es\/inscripcionp1.php?id=622741<\/div>\n<\/div>\n<div dir=\"auto\"><\/div>\n<div dir=\"auto\"><\/div>","protected":false},"excerpt":{"rendered":"<p>Como todos los a\u00f1os, la Cofrad\u00eda de la Santa Ver\u00f3nica organiza una nueva edici\u00f3n de la San Silvestre, \u00abciudad de Cieza\u00bb 2021 . Este a\u00f1o el euro solidario de esta carrera y todo lo que puedan conseguir a trav\u00e9s de otras aportaciones en esta direcci\u00f3n, ir\u00e1n destinadas a contribuir con el tratamiento del peque\u00f1o Marco, [&hellip;]<\/p>","protected":false},"author":1,"featured_media":9517,"comment_status":"open","ping_status":"closed","sticky":false,"template":"","format":"standard","meta":{"_et_pb_use_builder":"","_et_pb_old_content":"","_et_gb_content_width":"","footnotes":""},"categories":[18,3],"tags":[],"amp_enabled":true,"_links":{"self":[{"href":"https:\/\/ciezaentumano.com\/en\/wp-json\/wp\/v2\/posts\/9516"}],"collection":[{"href":"https:\/\/ciezaentumano.com\/en\/wp-json\/wp\/v2\/posts"}],"about":[{"href":"https:\/\/ciezaentumano.com\/en\/wp-json\/wp\/v2\/types\/post"}],"author":[{"embeddable":true,"href":"https:\/\/ciezaentumano.com\/en\/wp-json\/wp\/v2\/users\/1"}],"replies":[{"embeddable":true,"href":"https:\/\/ciezaentumano.com\/en\/wp-json\/wp\/v2\/comments?post=9516"}],"version-history":[{"count":6,"href":"https:\/\/ciezaentumano.com\/en\/wp-json\/wp\/v2\/posts\/9516\/revisions"}],"predecessor-version":[{"id":9589,"href":"https:\/\/ciezaentumano.com\/en\/wp-json\/wp\/v2\/posts\/9516\/revisions\/9589"}],"wp:featuredmedia":[{"embeddable":true,"href":"https:\/\/ciezaentumano.com\/en\/wp-json\/wp\/v2\/media\/9517"}],"wp:attachment":[{"href":"https:\/\/ciezaentumano.com\/en\/wp-json\/wp\/v2\/media?parent=9516"}],"wp:term":[{"taxonomy":"category","embeddable":true,"href":"https:\/\/ciezaentumano.com\/en\/wp-json\/wp\/v2\/categories?post=9516"},{"taxonomy":"post_tag","embeddable":true,"href":"https:\/\/ciezaentumano.com\/en\/wp-json\/wp\/v2\/tags?post=9516"}],"curies":[{"name":"wp","href":"https:\/\/api.w.org\/{rel}","templated":true}]}}