{"id":9668,"date":"2022-01-14T11:52:58","date_gmt":"2022-01-14T10:52:58","guid":{"rendered":"https:\/\/ciezaentumano.com\/?p=9668"},"modified":"2022-01-14T11:52:58","modified_gmt":"2022-01-14T10:52:58","slug":"se-suspenden-las-lumbres-de-san-anton-por-la-alta-incidencia-de-contagios","status":"publish","type":"post","link":"https:\/\/ciezaentumano.com\/en\/se-suspenden-las-lumbres-de-san-anton-por-la-alta-incidencia-de-contagios\/","title":{"rendered":"San Ant\u00f3n bonfires are suspended due to the high incidence of infections."},"content":{"rendered":"<p align=\"justify\">Municipal sources from Cieza City Council have announced that this year they will not authorize the burning of San Ant\u00f3n bonfires in the city streets and surrounding areas. This practice is part of Cieza&#039;s tradition of celebrating the January 17th festivity with the lighting of bonfires in squares and intersections throughout the city.<\/p>\n<p align=\"justify\">The aforementioned sources explain that the decision is due to the high incidence of coronavirus infections affecting the municipality of Cieza these days, with the aim of avoiding large gatherings and crowds on public roads.<\/p>\n<p align=\"justify\">Thus, under no circumstances will the accumulation of the usual materials used for these types of bonfires or the lighting of these bonfires be permitted on public streets. Likewise, the traditional burning of &quot;La Vieja del Rinc\u00f3n&quot; (The Old Lady of the Corner) at the corner of the Convent is suspended.<\/p>\n<p align=\"justify\">Municipal security forces will monitor compliance with the City Council&#039;s decision throughout the night of January 17th, next Monday.<\/p>","protected":false},"excerpt":{"rendered":"<p>Fuentes municipales del Ayuntamiento de Cieza han anunciado que este a\u00f1o no autorizar\u00e1 la quema de lumbres de San Ant\u00f3n en las calles de la ciudad y el entorno del casco urbano, una pr\u00e1ctica que forma parte de la tradici\u00f3n ciezana para celebrar la festividad del d\u00eda 17 de enero con el encendido de hogueras [&hellip;]<\/p>","protected":false},"author":1,"featured_media":9669,"comment_status":"open","ping_status":"closed","sticky":false,"template":"","format":"standard","meta":{"_et_pb_use_builder":"","_et_pb_old_content":"","_et_gb_content_width":"","footnotes":""},"categories":[18],"tags":[],"amp_enabled":true,"_links":{"self":[{"href":"https:\/\/ciezaentumano.com\/en\/wp-json\/wp\/v2\/posts\/9668"}],"collection":[{"href":"https:\/\/ciezaentumano.com\/en\/wp-json\/wp\/v2\/posts"}],"about":[{"href":"https:\/\/ciezaentumano.com\/en\/wp-json\/wp\/v2\/types\/post"}],"author":[{"embeddable":true,"href":"https:\/\/ciezaentumano.com\/en\/wp-json\/wp\/v2\/users\/1"}],"replies":[{"embeddable":true,"href":"https:\/\/ciezaentumano.com\/en\/wp-json\/wp\/v2\/comments?post=9668"}],"version-history":[{"count":1,"href":"https:\/\/ciezaentumano.com\/en\/wp-json\/wp\/v2\/posts\/9668\/revisions"}],"predecessor-version":[{"id":9670,"href":"https:\/\/ciezaentumano.com\/en\/wp-json\/wp\/v2\/posts\/9668\/revisions\/9670"}],"wp:featuredmedia":[{"embeddable":true,"href":"https:\/\/ciezaentumano.com\/en\/wp-json\/wp\/v2\/media\/9669"}],"wp:attachment":[{"href":"https:\/\/ciezaentumano.com\/en\/wp-json\/wp\/v2\/media?parent=9668"}],"wp:term":[{"taxonomy":"category","embeddable":true,"href":"https:\/\/ciezaentumano.com\/en\/wp-json\/wp\/v2\/categories?post=9668"},{"taxonomy":"post_tag","embeddable":true,"href":"https:\/\/ciezaentumano.com\/en\/wp-json\/wp\/v2\/tags?post=9668"}],"curies":[{"name":"wp","href":"https:\/\/api.w.org\/{rel}","templated":true}]}}