{"id":9679,"date":"2022-01-20T14:19:11","date_gmt":"2022-01-20T13:19:11","guid":{"rendered":"https:\/\/ciezaentumano.com\/?p=9679"},"modified":"2022-01-25T21:06:40","modified_gmt":"2022-01-25T20:06:40","slug":"jornada-de-vacunacion-masiva-en-abaran-este-viernes","status":"publish","type":"post","link":"https:\/\/ciezaentumano.com\/en\/jornada-de-vacunacion-masiva-en-abaran-este-viernes\/","title":{"rendered":"Mass vaccination day in Abar\u00e1n this Friday"},"content":{"rendered":"<p>This Friday, January 21st, from 9:00 a.m. to 2:30 p.m., a mass vaccination and booster dose program for those over 18 will be held in Abar\u00e1n.<\/p>\n<p>&nbsp;<\/p>\n<p>Residents of Blanca and Cieza will also be able to attend the event.<\/p>\n<p>&nbsp;<\/p>\n<p>Friday, January 21<br \/>\nFrom 9:00 a.m. to 2:30 p.m.<br \/>\nAbar\u00e1n Municipal Sports Center<br \/>\nAppointment required:<br \/>\nAt the Health Center<br \/>\nOn the internet \ud83d\udc49https:\/\/sms.carm.es\/cmap\/<\/p>\n<p>Addressed to:<\/p>\n<p>\ud835\uddda\ud835\uddff\ud835\ude02\ud835\uddfd\ud835\uddfc 1. People over 40 years of age vaccinated:<br \/>\nWith Moderna or Pfizer (6 months since the last vaccine)<br \/>\nWith AstraZeneca (3 months since the last vaccine)<br \/>\nWith Janssen (3 months from the single dose)<\/p>\n<p>\ud835\uddda\ud835\uddff\ud835\ude02\ud835\uddfd\ud835\uddfc \ud835\udfee. People under 50 years of age vaccinated:<br \/>\nWith AstraZeneca in both doses (at least 3 months after the last vaccination).<\/p>\n<p>\ud835\uddda\ud835\uddff\ud835\ude02\ud835\uddfd\ud835\uddfc \ud835\udfef. Healthcare and social care personnel, previously vaccinated with Moderna, Pfizer or AstraZeneca (in the first case at least 6 months must have passed since the last vaccination and in the second case, at least 3 months), who could not be vaccinated previously.<\/p>\n<p>\ud835\uddda\ud835\uddff\ud835\ude02\ud835\uddfd\ud835\uddfc \ud835\udff0. First dose for those over 12 years of age who have not yet received any vaccine.<\/p>\n<p>\ud835\uddda\ud835\uddff\ud835\ude02\ud835\uddfd\ud835\uddfc \ud835\udff1. First dose for children between the ages of 5 and 11.<\/p>\n<p>Booster dose for those 18 years of age or older, provided they complete the 3-month interval from the previous dose for those vaccinated with AstraZeneca or Janssen, and 5 months for those vaccinated with Pfizer or Moderna.<\/p>\n<p>Appointments available from January 19th at 3:00 PM.<\/p>\n<p>&nbsp;<\/p>\n<p>\ud835\udddc\ud835\uddfb\ud835\uddf0\ud835\uddf5\ud835\uddf6\ud835\uddfb\ud835\uddf4 \ud835\uddee\ud835\uddfb \ud835\uddd8\ud835\udde1\ud835\uddd6\ud835\udde8\ud835\uddd8\ud835\udde1\ud835\udde7\ud835\udde5\ud835\uddd8\ud835\udde1 \ud835\uddea\ud835\uddfc\ud835\uddff\ud835\uddf8\ud835\uddf2\ud835\ude00 \ud835\uddee\ud835\uddfb \ud835\uddd8\ud835\udde1\ud835\uddd6\ud835\udde8\ud835\uddd8\ud835\udde1\ud835\udde7\ud835\udde5\ud835\uddd8\ud835\udde1 \ud835\uddd4\ud835\udddf\ud835\uddda\ud835\udde8\ud835\udde1\ud835\uddd4 \ud835\udde6\ud835\udddc\ud835\uddda\ud835\udde8\ud835\udddc\ud835\uddd8\ud835\udde1\ud835\udde7\ud835\uddd8\ud835\udde6 \ud835\udddf\ud835\uddd4\ud835\udde6 \ud835\udde6\ud835\udddc\ud835\uddda\ud835\udde8\ud835\udddc\ud835\uddd8\ud835\udde1\ud835\udde7\ud835\uddd8\ud835\udde6 \ud835\udde6\ud835\udddc\ud835\udde7\ud835\udde8\ud835\uddd4\ud835\uddd6\ud835\udddc\ud835\udde2\ud835\udde1\ud835\uddd8 \ud835\udde6\ud835\udde2\ud835\udddf\ud835\udddc\ud835\uddd6\ud835\udddc\ud835\udde7\ud835\uddd4\ud835\udde5 \ud835\udde3\ud835\udde8\ud835\uddd8\ud835\uddd7\ud835\uddd8\ud835\udde1 \ud835\udde6\ud835\udde2\ud835\udddf\ud835\udddc\ud835\uddd6\ud835\udddc\ud835\udde7\ud835\uddd4\ud835\udde5 \ud835\udde3\ud835\udde5\ud835\uddd8\ud835\udde9\ud835\udddc\ud835\uddd4\ud835\udddf \ud835\uddd4\ud835\udde7\ud835\udde5\ud835\uddd4\ud835\udde9\ud835\uddd8 \ud835\udde6\ud835\udde2\ud835\udddf\ud835\udddc\ud835\uddd6\ud835\udddc\ud835\udde7\ud835\uddd4 \ud835\udde6\ud835\uddd4\ud835\udddf\ud835\udde8\ud835\uddd7<\/p>\n<p>People under 45 years of age vaccinated with a single dose of Janssen (at least 3 months must have passed since administration of the single dose).<\/p>\n<p>Health and social care personnel (Group 3) under 45 years of age.<\/p>","protected":false},"excerpt":{"rendered":"<p>Este viernes d\u00eda 21 de enero en horario de 09:00 horas a 14:30 horas, se realiza en Abar\u00e1n una jornada de vacunaci\u00f3n masiva y dosis de refuerzo para mayores de 18 a\u00f1os. &nbsp; A la cita podr\u00e1n acudir tambi\u00e9n los vecinos de Blanca y de Cieza. &nbsp; Viernes 21 enero De 9:00 a 14:30 horas [&hellip;]<\/p>","protected":false},"author":1,"featured_media":9680,"comment_status":"open","ping_status":"closed","sticky":false,"template":"","format":"standard","meta":{"_et_pb_use_builder":"","_et_pb_old_content":"","_et_gb_content_width":"","footnotes":""},"categories":[18],"tags":[],"amp_enabled":true,"_links":{"self":[{"href":"https:\/\/ciezaentumano.com\/en\/wp-json\/wp\/v2\/posts\/9679"}],"collection":[{"href":"https:\/\/ciezaentumano.com\/en\/wp-json\/wp\/v2\/posts"}],"about":[{"href":"https:\/\/ciezaentumano.com\/en\/wp-json\/wp\/v2\/types\/post"}],"author":[{"embeddable":true,"href":"https:\/\/ciezaentumano.com\/en\/wp-json\/wp\/v2\/users\/1"}],"replies":[{"embeddable":true,"href":"https:\/\/ciezaentumano.com\/en\/wp-json\/wp\/v2\/comments?post=9679"}],"version-history":[{"count":5,"href":"https:\/\/ciezaentumano.com\/en\/wp-json\/wp\/v2\/posts\/9679\/revisions"}],"predecessor-version":[{"id":9688,"href":"https:\/\/ciezaentumano.com\/en\/wp-json\/wp\/v2\/posts\/9679\/revisions\/9688"}],"wp:featuredmedia":[{"embeddable":true,"href":"https:\/\/ciezaentumano.com\/en\/wp-json\/wp\/v2\/media\/9680"}],"wp:attachment":[{"href":"https:\/\/ciezaentumano.com\/en\/wp-json\/wp\/v2\/media?parent=9679"}],"wp:term":[{"taxonomy":"category","embeddable":true,"href":"https:\/\/ciezaentumano.com\/en\/wp-json\/wp\/v2\/categories?post=9679"},{"taxonomy":"post_tag","embeddable":true,"href":"https:\/\/ciezaentumano.com\/en\/wp-json\/wp\/v2\/tags?post=9679"}],"curies":[{"name":"wp","href":"https:\/\/api.w.org\/{rel}","templated":true}]}}