{"id":9770,"date":"2022-02-20T13:50:57","date_gmt":"2022-02-20T12:50:57","guid":{"rendered":"https:\/\/ciezaentumano.com\/?p=9770"},"modified":"2022-02-20T15:25:41","modified_gmt":"2022-02-20T14:25:41","slug":"incendio-en-el-cauce-del-rio-segura-en-cieza","status":"publish","type":"post","link":"https:\/\/ciezaentumano.com\/en\/incendio-en-el-cauce-del-rio-segura-en-cieza\/","title":{"rendered":"Fire in the Segura Riverbed in Cieza"},"content":{"rendered":"<div class=\"cxmmr5t8 oygrvhab hcukyx3x c1et5uql o9v6fnle ii04i59q\">\n<div dir=\"auto\">Emergency services have worked to extinguish a fire in reeds and scrubland in Cieza.<\/div>\n<div dir=\"auto\"><\/div>\n<\/div>\n<div class=\"cxmmr5t8 oygrvhab hcukyx3x c1et5uql o9v6fnle ii04i59q\">\n<div dir=\"auto\">At 11:56 a.m. this Sunday, they reported the fire.<\/div>\n<div dir=\"auto\"><\/div>\n<\/div>\n<div class=\"cxmmr5t8 oygrvhab hcukyx3x c1et5uql o9v6fnle ii04i59q\">\n<div dir=\"auto\">They reported that the fire had occurred in the Segura riverbed, on the road to the dam.<\/div>\n<\/div>\n<div class=\"cxmmr5t8 oygrvhab hcukyx3x c1et5uql o9v6fnle ii04i59q\">\n<div dir=\"auto\"><\/div>\n<div dir=\"auto\">Firefighters from the CEIS fire station in Cieza, an environmental agent, and the local police have been mobilized to the scene.<\/div>\n<\/div>\n<div dir=\"auto\">The fire is located on the left bank of the river.<\/div>\n<div dir=\"auto\"><\/div>\n<div dir=\"auto\">At 13:42 the fire was declared extinguished, and the resources were withdrawn to their bases.<\/div>\n<div dir=\"auto\"><\/div>\n<div dir=\"auto\">The affected area is 5800 m2 of agricultural land.<\/div>\n<div dir=\"auto\"><\/div>\n<div dir=\"auto\"><\/div>\n<div class=\"cxmmr5t8 oygrvhab hcukyx3x c1et5uql o9v6fnle ii04i59q\">\n<div dir=\"auto\"><img loading=\"lazy\" decoding=\"async\" class=\"alignnone size-medium wp-image-9776\" src=\"https:\/\/ciezaentumano.com\/wp-content\/uploads\/2022\/02\/2-300x169.jpg\" alt=\"\" width=\"300\" height=\"169\" srcset=\"https:\/\/ciezaentumano.com\/wp-content\/uploads\/2022\/02\/2-300x169.jpg 300w, https:\/\/ciezaentumano.com\/wp-content\/uploads\/2022\/02\/2-768x432.jpg 768w, https:\/\/ciezaentumano.com\/wp-content\/uploads\/2022\/02\/2-1024x576.jpg 1024w, https:\/\/ciezaentumano.com\/wp-content\/uploads\/2022\/02\/2-1080x608.jpg 1080w, https:\/\/ciezaentumano.com\/wp-content\/uploads\/2022\/02\/2.jpg 2016w\" sizes=\"(max-width: 300px) 100vw, 300px\" \/><\/div>\n<\/div>\n<div dir=\"auto\"><\/div>","protected":false},"excerpt":{"rendered":"<p>Servicios de emergencia han trabajado en la extinci\u00f3n de incendio de ca\u00f1as y matorral en Cieza. A las 11:56 horas de este domingo Informaban del incendio. Informaban que el incendio se hab\u00eda producido en el cauce del r\u00edo Segura, en la carretera a la presa. Al lugar se han movilizado,\u00a0 Bomberos del CEIS del parque [&hellip;]<\/p>","protected":false},"author":1,"featured_media":9771,"comment_status":"open","ping_status":"closed","sticky":false,"template":"","format":"standard","meta":{"_et_pb_use_builder":"","_et_pb_old_content":"","_et_gb_content_width":"","footnotes":""},"categories":[18],"tags":[],"amp_enabled":true,"_links":{"self":[{"href":"https:\/\/ciezaentumano.com\/en\/wp-json\/wp\/v2\/posts\/9770"}],"collection":[{"href":"https:\/\/ciezaentumano.com\/en\/wp-json\/wp\/v2\/posts"}],"about":[{"href":"https:\/\/ciezaentumano.com\/en\/wp-json\/wp\/v2\/types\/post"}],"author":[{"embeddable":true,"href":"https:\/\/ciezaentumano.com\/en\/wp-json\/wp\/v2\/users\/1"}],"replies":[{"embeddable":true,"href":"https:\/\/ciezaentumano.com\/en\/wp-json\/wp\/v2\/comments?post=9770"}],"version-history":[{"count":4,"href":"https:\/\/ciezaentumano.com\/en\/wp-json\/wp\/v2\/posts\/9770\/revisions"}],"predecessor-version":[{"id":9777,"href":"https:\/\/ciezaentumano.com\/en\/wp-json\/wp\/v2\/posts\/9770\/revisions\/9777"}],"wp:featuredmedia":[{"embeddable":true,"href":"https:\/\/ciezaentumano.com\/en\/wp-json\/wp\/v2\/media\/9771"}],"wp:attachment":[{"href":"https:\/\/ciezaentumano.com\/en\/wp-json\/wp\/v2\/media?parent=9770"}],"wp:term":[{"taxonomy":"category","embeddable":true,"href":"https:\/\/ciezaentumano.com\/en\/wp-json\/wp\/v2\/categories?post=9770"},{"taxonomy":"post_tag","embeddable":true,"href":"https:\/\/ciezaentumano.com\/en\/wp-json\/wp\/v2\/tags?post=9770"}],"curies":[{"name":"wp","href":"https:\/\/api.w.org\/{rel}","templated":true}]}}