{"id":9936,"date":"2022-04-20T15:16:27","date_gmt":"2022-04-20T13:16:27","guid":{"rendered":"https:\/\/ciezaentumano.com\/?p=9936"},"modified":"2022-05-04T01:33:46","modified_gmt":"2022-05-03T23:33:46","slug":"la-feria-del-libro-infantil-y-juvenil-acogera-cerca-de-cuarenta-actividades","status":"publish","type":"post","link":"https:\/\/ciezaentumano.com\/en\/la-feria-del-libro-infantil-y-juvenil-acogera-cerca-de-cuarenta-actividades\/","title":{"rendered":"The Children&#039;s and Youth Book Fair will host nearly forty activities"},"content":{"rendered":"<p align=\"justify\">Nearly forty activities will take place from April 21st to 29th during the sixth edition of the Regional Children&#039;s and Young Adult Book Fair, where readers of all ages will be able to meet authors and explore their works. Among those present will be Paco L\u00f3pez Mengual, Lola Toro, Juan Ram\u00f3n Barat, Alicia Rico Forte, Garc\u00eda de Saura, David S. Orange, and Lola P. Nieva. Local writers will also be represented, including Alba Naval\u00f3n, \u00c1ngel Almela, and Pedro Diego Gil, among others.<\/p>\n<p align=\"justify\">The Councilor for Library and Reading Promotion, Mar\u00eda Ramos, and the director of the Padre Salmer\u00f3n Municipal Library, Remedios Sancho, have presented the 6th Regional Children&#039;s and Young Adult Book Fair, which will kick off this Thursday with the presentation of &quot;Ilustrando Aullemos,&quot; an exhibition and book by Ana Almela. The fair will take place at 7:30 p.m. at the municipal library, and the Cieza-born artist and \u00c1ngel Almela will speak. The fair itself will open on Friday at 7:30 p.m. at the Esquina del Convento.<\/p>\n<p align=\"justify\">According to Ramos, this year&#039;s program, &quot;has been shaped by the pandemic, but is gradually recovering its essence.&quot; Along with various book presentations, there will be no shortage of musical performances. A good example of this is the literary concert &quot;Rock Symphony&quot; by the Maestro G\u00f3mez Villa Conservatory of Music Band. It will take place on April 28th at 8:00 PM on the Esquina del Convento esplanade. This same venue will host another musical event on April 22nd at 8:00 PM: &quot;Conecta2 en concierto.&quot;<\/p>\n<p align=\"justify\">There will also be storytelling sessions, reading promotion workshops, and a collage workshop taught by Aurora Montoya. The program will include a poetry recital in honor of Jos\u00e9 Hierro by the La Sierpe y el La\u00fad Literature Group (April 23), the 1st Readers and Writers Meeting (April 24), and a lecture by Javier Urra (April 28). All of this will be complemented by book stalls occupied by local bookstores and publishers on the Esquina del Convento, where a tent will be set up, which, along with the library, will be the two focal points of the fair.<\/p>\n<header>\n<div class=\"autor\">Source: Cieza City Council.<\/div>\n<\/header>","protected":false},"excerpt":{"rendered":"<p>Nearly 40 activities will take place from April 21 to 29 during the sixth edition of the Cieza Regional Children&#039;s and Youth Book Fair.<\/p>","protected":false},"author":1,"featured_media":636,"comment_status":"open","ping_status":"closed","sticky":false,"template":"","format":"standard","meta":{"_et_pb_use_builder":"","_et_pb_old_content":"","_et_gb_content_width":"","footnotes":""},"categories":[2],"tags":[],"amp_enabled":true,"_links":{"self":[{"href":"https:\/\/ciezaentumano.com\/en\/wp-json\/wp\/v2\/posts\/9936"}],"collection":[{"href":"https:\/\/ciezaentumano.com\/en\/wp-json\/wp\/v2\/posts"}],"about":[{"href":"https:\/\/ciezaentumano.com\/en\/wp-json\/wp\/v2\/types\/post"}],"author":[{"embeddable":true,"href":"https:\/\/ciezaentumano.com\/en\/wp-json\/wp\/v2\/users\/1"}],"replies":[{"embeddable":true,"href":"https:\/\/ciezaentumano.com\/en\/wp-json\/wp\/v2\/comments?post=9936"}],"version-history":[{"count":2,"href":"https:\/\/ciezaentumano.com\/en\/wp-json\/wp\/v2\/posts\/9936\/revisions"}],"predecessor-version":[{"id":9989,"href":"https:\/\/ciezaentumano.com\/en\/wp-json\/wp\/v2\/posts\/9936\/revisions\/9989"}],"wp:featuredmedia":[{"embeddable":true,"href":"https:\/\/ciezaentumano.com\/en\/wp-json\/wp\/v2\/media\/636"}],"wp:attachment":[{"href":"https:\/\/ciezaentumano.com\/en\/wp-json\/wp\/v2\/media?parent=9936"}],"wp:term":[{"taxonomy":"category","embeddable":true,"href":"https:\/\/ciezaentumano.com\/en\/wp-json\/wp\/v2\/categories?post=9936"},{"taxonomy":"post_tag","embeddable":true,"href":"https:\/\/ciezaentumano.com\/en\/wp-json\/wp\/v2\/tags?post=9936"}],"curies":[{"name":"wp","href":"https:\/\/api.w.org\/{rel}","templated":true}]}}